{"id":8216,"date":"2019-08-02T07:38:38","date_gmt":"2019-08-02T10:38:38","guid":{"rendered":"http:\/\/4cantosalagoas.com.br\/portal\/?p=8216"},"modified":"2019-08-02T07:38:49","modified_gmt":"2019-08-02T10:38:49","slug":"policia-civil-prende-um-dos-envolvidos-em-homicidio-no-sertao","status":"publish","type":"post","link":"https:\/\/4cantosalagoas.com.br\/portal\/policia-civil-prende-um-dos-envolvidos-em-homicidio-no-sertao\/","title":{"rendered":"Pol\u00edcia Civil prende um dos envolvidos em homic\u00eddio no Sert\u00e3o"},"content":{"rendered":"\n<figure class=\"wp-block-image\"><img fetchpriority=\"high\" decoding=\"async\" width=\"696\" height=\"426\" src=\"http:\/\/4cantosalagoas.com.br\/portal\/wp-content\/uploads\/2019\/07\/civl-2.jpg\" alt=\"\" class=\"wp-image-8154\" srcset=\"https:\/\/4cantosalagoas.com.br\/portal\/wp-content\/uploads\/2019\/07\/civl-2.jpg 696w, https:\/\/4cantosalagoas.com.br\/portal\/wp-content\/uploads\/2019\/07\/civl-2-300x184.jpg 300w\" sizes=\"(max-width: 696px) 100vw, 696px\" \/><figcaption>Assessoria<\/figcaption><\/figure>\n\n\n\n<p>Policiais civis do munic\u00edpio de Piranhas, sob o comando do delegado Daniel Mayer, prenderam, na tarde desta quinta-feira (1\u00ba), um dos respons\u00e1veis pelo assassinato de Jos\u00e9 Ferreira da Silva, que era vendedor de quebra-queixo.<\/p>\n\n\n\n<p>Deivisson Diego Pimentel Carnauba, de 21 anos, foi preso pelos agentes da PC em uma ag\u00eancia banc\u00e1ria, no munic\u00edpio de Piranhas, no Sert\u00e3o de Alagoas. Ele n\u00e3o reagiu a pris\u00e3o.<\/p>\n\n\n\n<p>De acordo com informa\u00e7\u00f5es da Pol\u00edcia Civil, Diego, como \u00e9 mais conhecido, e outro jovem, foram os respons\u00e1veis pela morte de Jos\u00e9 Ferreira. O crime aconteceu no dia 16 de julho, na Avenida Batalha, no Bairro Nossa senhora da Sa\u00fade, em Piranhas.<\/p>\n\n\n\n<p>O delegado Daniel Mayer disse ainda &nbsp;que a pris\u00e3o de Diego foi realizada ap\u00f3s um trabalho de intelig\u00eancia, e que os policiais buscam localizar e prender&nbsp; o segundo envolvido no crime.<\/p>\n\n\n\n<p>O preso, que teve mandado de pris\u00e3o cumprido, expedido pela Comarca de Piranhas, foi conduzido para a Delegacia local, onde prestou depoimento e ficar\u00e1 \u00e0 disposi\u00e7\u00e3o da Justi\u00e7a.<\/p>\n\n\n\n<p>Al\u00e9m do delegado Daniel Mayer, tamb\u00e9m participaram da a\u00e7\u00e3o os policiais Silvio e Jair Clemente, da Delegacia de Piranhas, al\u00e9m de militares da Companhia de Opera\u00e7\u00f5es Policiais Especiais do Sert\u00e3o (COPES-Caatinga). O trabalho teve o apoio dos delegados Rodrigo Rocha Cavalcanti (Regional de Delmiro Gouveia) e o delegado C\u00edcero Lima, diretor de Pol\u00edcia Judici\u00e1ria da Regi\u00e3o . <\/p>\n\n\n\n<p>Assessoria<\/p>\n","protected":false},"excerpt":{"rendered":"<p>Policiais civis do munic\u00edpio de Piranhas, sob o comando do delegado Daniel Mayer, prenderam, na tarde desta<\/p>\n","protected":false},"author":1,"featured_media":8154,"comment_status":"open","ping_status":"open","sticky":false,"template":"","format":"standard","meta":{"footnotes":""},"categories":[60],"tags":[],"class_list":["post-8216","post","type-post","status-publish","format-standard","has-post-thumbnail","hentry","category-capa"],"_links":{"self":[{"href":"https:\/\/4cantosalagoas.com.br\/portal\/wp-json\/wp\/v2\/posts\/8216","targetHints":{"allow":["GET"]}}],"collection":[{"href":"https:\/\/4cantosalagoas.com.br\/portal\/wp-json\/wp\/v2\/posts"}],"about":[{"href":"https:\/\/4cantosalagoas.com.br\/portal\/wp-json\/wp\/v2\/types\/post"}],"author":[{"embeddable":true,"href":"https:\/\/4cantosalagoas.com.br\/portal\/wp-json\/wp\/v2\/users\/1"}],"replies":[{"embeddable":true,"href":"https:\/\/4cantosalagoas.com.br\/portal\/wp-json\/wp\/v2\/comments?post=8216"}],"version-history":[{"count":1,"href":"https:\/\/4cantosalagoas.com.br\/portal\/wp-json\/wp\/v2\/posts\/8216\/revisions"}],"predecessor-version":[{"id":8217,"href":"https:\/\/4cantosalagoas.com.br\/portal\/wp-json\/wp\/v2\/posts\/8216\/revisions\/8217"}],"wp:featuredmedia":[{"embeddable":true,"href":"https:\/\/4cantosalagoas.com.br\/portal\/wp-json\/wp\/v2\/media\/8154"}],"wp:attachment":[{"href":"https:\/\/4cantosalagoas.com.br\/portal\/wp-json\/wp\/v2\/media?parent=8216"}],"wp:term":[{"taxonomy":"category","embeddable":true,"href":"https:\/\/4cantosalagoas.com.br\/portal\/wp-json\/wp\/v2\/categories?post=8216"},{"taxonomy":"post_tag","embeddable":true,"href":"https:\/\/4cantosalagoas.com.br\/portal\/wp-json\/wp\/v2\/tags?post=8216"}],"curies":[{"name":"wp","href":"https:\/\/api.w.org\/{rel}","templated":true}]}}