{"id":8211,"date":"2019-08-02T07:29:45","date_gmt":"2019-08-02T10:29:45","guid":{"rendered":"http:\/\/4cantosalagoas.com.br\/portal\/?p=8211"},"modified":"2019-08-02T07:47:08","modified_gmt":"2019-08-02T10:47:08","slug":"linha-027-tera-itinerario-alterado-a-partir-deste-sabado-3","status":"publish","type":"post","link":"https:\/\/4cantosalagoas.com.br\/portal\/linha-027-tera-itinerario-alterado-a-partir-deste-sabado-3\/","title":{"rendered":"Linha 027 ter\u00e1 itiner\u00e1rio alterado a partir deste s\u00e1bado, 3"},"content":{"rendered":"\n<figure class=\"wp-block-image\"><img fetchpriority=\"high\" decoding=\"async\" width=\"1024\" height=\"683\" src=\"https:\/\/i1.wp.com\/4cantosalagoas.com.br\/portal\/wp-content\/uploads\/2019\/08\/bus.jpg?fit=1024%2C683\" alt=\"\" class=\"wp-image-8212\" srcset=\"https:\/\/4cantosalagoas.com.br\/portal\/wp-content\/uploads\/2019\/08\/bus.jpg 1024w, https:\/\/4cantosalagoas.com.br\/portal\/wp-content\/uploads\/2019\/08\/bus-300x200.jpg 300w, https:\/\/4cantosalagoas.com.br\/portal\/wp-content\/uploads\/2019\/08\/bus-768x512.jpg 768w\" sizes=\"(max-width: 1024px) 100vw, 1024px\" \/><figcaption> <br>Linha 027 \u2013 Vila Saem\/ Centro ter\u00e1 itiner\u00e1rio alterado a partir deste s\u00e1bado (03). Foto: Pei Fon\/ Secom Macei\u00f3 <\/figcaption><\/figure>\n\n\n\n<p> A Superintend\u00eancia Municipal de Transportes e Tr\u00e2nsito (SMTT) informa aos usu\u00e1rios do Sistema Integrado de Mobilidade de Macei\u00f3 (SIMM) que, a partir do pr\u00f3ximo s\u00e1bado (03), a linha 027 \u2013 Vila Saem\/ Centro ter\u00e1 o seu itiner\u00e1rio alterado. <\/p>\n\n\n\n<p>No novo percurso da linha 027 \u2013 Vila Saem\/ Centro, os \u00f4nibus da linha deixar\u00e3o de passar pela frente do Centro de Estudos e Pesquisas Aplicadas (Cepa) na ida e pelo bairro da Pitanguinha na volta. Com a mudan\u00e7a, os coletivos realizar\u00e3o o seu trajeto passando pelas ruas por tr\u00e1s do Cepa. Informativos sobre a mudan\u00e7a foram anexados nos coletivos e nos terminais de \u00f4nibus por onde passa a linha para que a popula\u00e7\u00e3o fique ciente da altera\u00e7\u00e3o.<\/p>\n\n\n\n<p>Mesmo com esta mudan\u00e7a, os passageiros que utilizam a linha 027 para ter acesso \u00e0 Avenida Fernandes Lima, no Farol, ou ao bairro da Pitanguinha, n\u00e3o ficar\u00e3o desassistidos. Uma op\u00e7\u00e3o de deslocamento ser\u00e1 utilizar a linha 608 \u2013 Gruta\/ Iguatemi, que tamb\u00e9m contempla essas regi\u00f5es.<\/p>\n\n\n\n<p>Para melhorar a mobilidade urbana e facilitar o deslocamento dos moradores dos bairros do Farol e Pitanguinha, a SMTT implantou novas op\u00e7\u00f5es de integra\u00e7\u00e3o temporal na linha 608 \u2013 Gruta\/ Iguatemi. Confira abaixo.<\/p>\n\n\n\n<figure class=\"wp-block-image\"><img decoding=\"async\" src=\"http:\/\/www.maceio.al.gov.br\/wp-content\/uploads\/2019\/08\/jpeg\/2019\/08\/WhatsApp-Image-2019-08-01-at-09.51.29.jpeg\" alt=\"\" class=\"wp-image-315496\"\/><\/figure>\n\n\n\n<p>SMTT disponibiliza novas op\u00e7\u00f5es de integra\u00e7\u00e3o temporal na linha 608 \u2013 Gruta\/ Iguatemi.<\/p>\n\n\n\n<p>Ascom SMTT<\/p>\n","protected":false},"excerpt":{"rendered":"<p>A Superintend\u00eancia Municipal de Transportes e Tr\u00e2nsito (SMTT) informa aos usu\u00e1rios do Sistema Integrado de Mobilidade de<\/p>\n","protected":false},"author":1,"featured_media":8212,"comment_status":"open","ping_status":"open","sticky":false,"template":"","format":"standard","meta":{"footnotes":""},"categories":[60],"tags":[],"class_list":["post-8211","post","type-post","status-publish","format-standard","has-post-thumbnail","hentry","category-capa"],"_links":{"self":[{"href":"https:\/\/4cantosalagoas.com.br\/portal\/wp-json\/wp\/v2\/posts\/8211","targetHints":{"allow":["GET"]}}],"collection":[{"href":"https:\/\/4cantosalagoas.com.br\/portal\/wp-json\/wp\/v2\/posts"}],"about":[{"href":"https:\/\/4cantosalagoas.com.br\/portal\/wp-json\/wp\/v2\/types\/post"}],"author":[{"embeddable":true,"href":"https:\/\/4cantosalagoas.com.br\/portal\/wp-json\/wp\/v2\/users\/1"}],"replies":[{"embeddable":true,"href":"https:\/\/4cantosalagoas.com.br\/portal\/wp-json\/wp\/v2\/comments?post=8211"}],"version-history":[{"count":1,"href":"https:\/\/4cantosalagoas.com.br\/portal\/wp-json\/wp\/v2\/posts\/8211\/revisions"}],"predecessor-version":[{"id":8213,"href":"https:\/\/4cantosalagoas.com.br\/portal\/wp-json\/wp\/v2\/posts\/8211\/revisions\/8213"}],"wp:featuredmedia":[{"embeddable":true,"href":"https:\/\/4cantosalagoas.com.br\/portal\/wp-json\/wp\/v2\/media\/8212"}],"wp:attachment":[{"href":"https:\/\/4cantosalagoas.com.br\/portal\/wp-json\/wp\/v2\/media?parent=8211"}],"wp:term":[{"taxonomy":"category","embeddable":true,"href":"https:\/\/4cantosalagoas.com.br\/portal\/wp-json\/wp\/v2\/categories?post=8211"},{"taxonomy":"post_tag","embeddable":true,"href":"https:\/\/4cantosalagoas.com.br\/portal\/wp-json\/wp\/v2\/tags?post=8211"}],"curies":[{"name":"wp","href":"https:\/\/api.w.org\/{rel}","templated":true}]}}