{"id":8186,"date":"2019-07-31T08:45:29","date_gmt":"2019-07-31T11:45:29","guid":{"rendered":"http:\/\/4cantosalagoas.com.br\/portal\/?p=8186"},"modified":"2019-07-31T08:45:39","modified_gmt":"2019-07-31T11:45:39","slug":"policia-civil-prende-homem-que-ateou-fogo-em-veiculo-da-smtt","status":"publish","type":"post","link":"https:\/\/4cantosalagoas.com.br\/portal\/policia-civil-prende-homem-que-ateou-fogo-em-veiculo-da-smtt\/","title":{"rendered":"Pol\u00edcia Civil prende homem que ateou fogo em ve\u00edculo da SMTT"},"content":{"rendered":"\n<figure class=\"wp-block-image\"><img fetchpriority=\"high\" decoding=\"async\" width=\"600\" height=\"450\" src=\"http:\/\/4cantosalagoas.com.br\/portal\/wp-content\/uploads\/2019\/07\/sr5ars4ad.jpeg\" alt=\"\" class=\"wp-image-8187\" srcset=\"https:\/\/4cantosalagoas.com.br\/portal\/wp-content\/uploads\/2019\/07\/sr5ars4ad.jpeg 600w, https:\/\/4cantosalagoas.com.br\/portal\/wp-content\/uploads\/2019\/07\/sr5ars4ad-300x225.jpeg 300w\" sizes=\"(max-width: 600px) 100vw, 600px\" \/><figcaption>Assessoria<\/figcaption><\/figure>\n\n\n\n<p>A Pol\u00edcia Civil, por&nbsp; meio de uma equipe da Divis\u00e3o Especial de Investiga\u00e7\u00e3o e Capturas (DEIC), prendeu em flagrante o homem que ateou fogo em uma viatura da Superintend\u00eancia Municipal de Transportes e Tr\u00e2nsito (SMTT), de Macei\u00f3, que estava estacionada no p\u00e1tio da sede administrativa do \u00f3rg\u00e3o, no inicio da tarde desta ter\u00e7a-feira (30).<\/p>\n\n\n\n<p>Ap\u00f3s ser preso, Genilson dos Santos, de 42 anos, foi encaminhado para sede da Deic. Ao ser ouvido pelo delegado F\u00e1bio Costa, ele confessou que ateou fogo na viatura por estar revoltado por ter tido seu ve\u00edculo apreendido durante uma fiscaliza\u00e7\u00e3o da SMTT quando fazia transporte irregular de passageiros.<\/p>\n\n\n\n<p>Durante interrogat\u00f3rio na Pol\u00edcia Civil, Genilson confessou o crime e contou que queria incendiar a viatura utilizada pela equipe da SMTT no dia em que teve o carro apreendido, no entanto, colocou fogo em outra.<\/p>\n\n\n\n<p>De acordo com o delegado F\u00e1bio Costa, Genilson vai responder pelos crimes de dano qualificado e atentado ao servi\u00e7o p\u00fablico de utilidade p\u00fablica.<\/p>\n\n\n\n<p>Assessoria<\/p>\n","protected":false},"excerpt":{"rendered":"<p>A Pol\u00edcia Civil, por&nbsp; meio de uma equipe da Divis\u00e3o Especial de Investiga\u00e7\u00e3o e Capturas (DEIC), prendeu<\/p>\n","protected":false},"author":1,"featured_media":8187,"comment_status":"open","ping_status":"open","sticky":false,"template":"","format":"standard","meta":{"footnotes":""},"categories":[5],"tags":[],"class_list":["post-8186","post","type-post","status-publish","format-standard","has-post-thumbnail","hentry","category-maceio"],"_links":{"self":[{"href":"https:\/\/4cantosalagoas.com.br\/portal\/wp-json\/wp\/v2\/posts\/8186","targetHints":{"allow":["GET"]}}],"collection":[{"href":"https:\/\/4cantosalagoas.com.br\/portal\/wp-json\/wp\/v2\/posts"}],"about":[{"href":"https:\/\/4cantosalagoas.com.br\/portal\/wp-json\/wp\/v2\/types\/post"}],"author":[{"embeddable":true,"href":"https:\/\/4cantosalagoas.com.br\/portal\/wp-json\/wp\/v2\/users\/1"}],"replies":[{"embeddable":true,"href":"https:\/\/4cantosalagoas.com.br\/portal\/wp-json\/wp\/v2\/comments?post=8186"}],"version-history":[{"count":1,"href":"https:\/\/4cantosalagoas.com.br\/portal\/wp-json\/wp\/v2\/posts\/8186\/revisions"}],"predecessor-version":[{"id":8188,"href":"https:\/\/4cantosalagoas.com.br\/portal\/wp-json\/wp\/v2\/posts\/8186\/revisions\/8188"}],"wp:featuredmedia":[{"embeddable":true,"href":"https:\/\/4cantosalagoas.com.br\/portal\/wp-json\/wp\/v2\/media\/8187"}],"wp:attachment":[{"href":"https:\/\/4cantosalagoas.com.br\/portal\/wp-json\/wp\/v2\/media?parent=8186"}],"wp:term":[{"taxonomy":"category","embeddable":true,"href":"https:\/\/4cantosalagoas.com.br\/portal\/wp-json\/wp\/v2\/categories?post=8186"},{"taxonomy":"post_tag","embeddable":true,"href":"https:\/\/4cantosalagoas.com.br\/portal\/wp-json\/wp\/v2\/tags?post=8186"}],"curies":[{"name":"wp","href":"https:\/\/api.w.org\/{rel}","templated":true}]}}