{"id":8144,"date":"2019-07-26T19:52:43","date_gmt":"2019-07-26T22:52:43","guid":{"rendered":"http:\/\/4cantosalagoas.com.br\/portal\/?p=8144"},"modified":"2019-07-26T19:52:53","modified_gmt":"2019-07-26T22:52:53","slug":"prefeito-de-rio-largo-deve-retornar-ao-cargo-decide-justica","status":"publish","type":"post","link":"https:\/\/4cantosalagoas.com.br\/portal\/prefeito-de-rio-largo-deve-retornar-ao-cargo-decide-justica\/","title":{"rendered":"Prefeito de Rio Largo deve retornar ao cargo, decide Justi\u00e7a"},"content":{"rendered":"\n<figure class=\"wp-block-image\"><img fetchpriority=\"high\" decoding=\"async\" width=\"900\" height=\"600\" src=\"http:\/\/4cantosalagoas.com.br\/portal\/wp-content\/uploads\/2019\/07\/sao.jpg\" alt=\"\" class=\"wp-image-8145\" srcset=\"https:\/\/4cantosalagoas.com.br\/portal\/wp-content\/uploads\/2019\/07\/sao.jpg 900w, https:\/\/4cantosalagoas.com.br\/portal\/wp-content\/uploads\/2019\/07\/sao-300x200.jpg 300w, https:\/\/4cantosalagoas.com.br\/portal\/wp-content\/uploads\/2019\/07\/sao-768x512.jpg 768w\" sizes=\"(max-width: 900px) 100vw, 900px\" \/><figcaption>Assessoria<\/figcaption><\/figure>\n\n\n\n<p>O presidente do Tribunal de Justi\u00e7a de Alagoas (TJAL), Tutm\u00e9s Airan, suspendeu os efeitos do decreto legislativo que afastou do cargo o prefeito de Rio Largo, Gilberto Gon\u00e7alves da Silva. A decis\u00e3o foi proferida nesta sexta-feira (26).<\/p>\n\n\n\n<p>Gilberto Gon\u00e7alves teve o mandato cassado no \u00faltimo dia 17 pela C\u00e2mara Municipal. Ele foi acusado de nomear pessoa com idade inferior \u00e0 exigida pela lei para ocupar cargo de secret\u00e1ria; nomear pessoas que seriam s\u00f3cias de empresas, o que tamb\u00e9m \u00e9 vedado pela lei, e permitir a utiliza\u00e7\u00e3o de ve\u00edculo p\u00fablico em servi\u00e7os particulares.<\/p>\n\n\n\n<p>Ele ingressou com a\u00e7\u00e3o na Justi\u00e7a buscando anular a cassa\u00e7\u00e3o. Sustentou que o processo conduzido pelos vereadores violou direito l\u00edquido e certo. Alegou ainda fragilidade das provas, aus\u00eancia de tipicidade e proporcionalidade na medida.<\/p>\n\n\n\n<p>A 2\u00aa Vara C\u00edvel de Rio Largo negou liminar para o prefeito, mantendo o afastamento. Buscando modificar a decis\u00e3o, a defesa ingressou com a\u00e7\u00e3o no TJAL.<\/p>\n\n\n\n<p>Para Tutm\u00e9s Airan, o afastamento do gestor foi irregular. Em rela\u00e7\u00e3o \u00e0 primeira infra\u00e7\u00e3o, consta na decis\u00e3o que a ilegalidade foi reconhecida pelo prefeito e o ato foi revogado.<\/p>\n\n\n\n<p>\u201cEm que pese haja uma infra\u00e7\u00e3o formal, o seu desfazimento antes do julgamento afasta a caracteriza\u00e7\u00e3o da infra\u00e7\u00e3o em seu conte\u00fado material, assim como afasta o elemento subjetivo, o dolo necess\u00e1rio para justificar a responsabiliza\u00e7\u00e3o do agente p\u00fablico\u201d.<\/p>\n\n\n\n<p>Ainda segundo o presidente do TJAL, n\u00e3o h\u00e1 provas de que a conduta imputada tenha repercutido de forma substancial para o munic\u00edpio, ou seja, que a nomea\u00e7\u00e3o sem observ\u00e2ncia da idade m\u00ednima tenha trazido consequ\u00eancias reais \u00e0 municipalidade.<\/p>\n\n\n\n<p>Quanto \u00e0 segunda imputa\u00e7\u00e3o, o desembargador afirmou que a responsabilidade pela desincompatibiliza\u00e7\u00e3o \u00e9 daquele que foi nomeado ao cargo p\u00fablico. \u201cAl\u00e9m disso, houve pedido de exonera\u00e7\u00e3o dos cargos, n\u00e3o considerado na decis\u00e3o impugnada\u201d.<\/p>\n\n\n\n<p>J\u00e1 em rela\u00e7\u00e3o \u00e0 \u00faltima acusa\u00e7\u00e3o, Tutm\u00e9s Airan afirmou que as provas n\u00e3o demonstram que o agente p\u00fablico teve conhecimento do fato tido por irregular e nem o ordenou, \u201co que afasta a pr\u00e1tica da conduta\u201d.<\/p>\n\n\n\n<p>Para Tutm\u00e9s Airan, um afastamento irregular de agente pol\u00edtico do cargo para o qual foi eleito afronta os princ\u00edpios constitucionais. \u201cTamb\u00e9m ofende a ordem p\u00fablica por representar uma desordem p\u00fablica e descontinuidade administrativa de todos os projetos e planejamentos j\u00e1 iniciados. Isso porque a substitui\u00e7\u00e3o do requerente de suas fun\u00e7\u00f5es p\u00fablicas tamb\u00e9m compromete a continuidade das pol\u00edticas e servi\u00e7os p\u00fablicos prestados \u00e0 popula\u00e7\u00e3o do Munic\u00edpio de Rio Largo\u201d.<br><br><em>Mat\u00e9ria referente ao processo n\u00ba 0804194-18.2019.8.02.0000<br><br><\/em><strong>Diego Silveira &#8211; Dicom TJAL<\/strong><\/p>\n","protected":false},"excerpt":{"rendered":"<p>O presidente do Tribunal de Justi\u00e7a de Alagoas (TJAL), Tutm\u00e9s Airan, suspendeu os efeitos do decreto legislativo<\/p>\n","protected":false},"author":1,"featured_media":8145,"comment_status":"open","ping_status":"open","sticky":false,"template":"","format":"standard","meta":{"footnotes":""},"categories":[60,14],"tags":[],"class_list":["post-8144","post","type-post","status-publish","format-standard","has-post-thumbnail","hentry","category-capa","category-justica"],"_links":{"self":[{"href":"https:\/\/4cantosalagoas.com.br\/portal\/wp-json\/wp\/v2\/posts\/8144","targetHints":{"allow":["GET"]}}],"collection":[{"href":"https:\/\/4cantosalagoas.com.br\/portal\/wp-json\/wp\/v2\/posts"}],"about":[{"href":"https:\/\/4cantosalagoas.com.br\/portal\/wp-json\/wp\/v2\/types\/post"}],"author":[{"embeddable":true,"href":"https:\/\/4cantosalagoas.com.br\/portal\/wp-json\/wp\/v2\/users\/1"}],"replies":[{"embeddable":true,"href":"https:\/\/4cantosalagoas.com.br\/portal\/wp-json\/wp\/v2\/comments?post=8144"}],"version-history":[{"count":1,"href":"https:\/\/4cantosalagoas.com.br\/portal\/wp-json\/wp\/v2\/posts\/8144\/revisions"}],"predecessor-version":[{"id":8146,"href":"https:\/\/4cantosalagoas.com.br\/portal\/wp-json\/wp\/v2\/posts\/8144\/revisions\/8146"}],"wp:featuredmedia":[{"embeddable":true,"href":"https:\/\/4cantosalagoas.com.br\/portal\/wp-json\/wp\/v2\/media\/8145"}],"wp:attachment":[{"href":"https:\/\/4cantosalagoas.com.br\/portal\/wp-json\/wp\/v2\/media?parent=8144"}],"wp:term":[{"taxonomy":"category","embeddable":true,"href":"https:\/\/4cantosalagoas.com.br\/portal\/wp-json\/wp\/v2\/categories?post=8144"},{"taxonomy":"post_tag","embeddable":true,"href":"https:\/\/4cantosalagoas.com.br\/portal\/wp-json\/wp\/v2\/tags?post=8144"}],"curies":[{"name":"wp","href":"https:\/\/api.w.org\/{rel}","templated":true}]}}