{"id":8141,"date":"2019-07-26T07:56:30","date_gmt":"2019-07-26T10:56:30","guid":{"rendered":"http:\/\/4cantosalagoas.com.br\/portal\/?p=8141"},"modified":"2019-07-26T07:56:39","modified_gmt":"2019-07-26T10:56:39","slug":"audiencia-publica-para-loa-2020-sera-online-e-presencial","status":"publish","type":"post","link":"https:\/\/4cantosalagoas.com.br\/portal\/audiencia-publica-para-loa-2020-sera-online-e-presencial\/","title":{"rendered":"Audi\u00eancia P\u00fablica para LOA 2020 ser\u00e1 online e presencial"},"content":{"rendered":"\n<figure class=\"wp-block-image\"><img fetchpriority=\"high\" decoding=\"async\" width=\"1024\" height=\"683\" src=\"https:\/\/i1.wp.com\/4cantosalagoas.com.br\/portal\/wp-content\/uploads\/2019\/07\/1603-Audiencia-publica-Bom-Parto-PF_0002-1024x683.jpg?fit=1024%2C683\" alt=\"\" class=\"wp-image-8142\" srcset=\"https:\/\/4cantosalagoas.com.br\/portal\/wp-content\/uploads\/2019\/07\/1603-Audiencia-publica-Bom-Parto-PF_0002-1024x683.jpg 1024w, https:\/\/4cantosalagoas.com.br\/portal\/wp-content\/uploads\/2019\/07\/1603-Audiencia-publica-Bom-Parto-PF_0002-1024x683-300x200.jpg 300w, https:\/\/4cantosalagoas.com.br\/portal\/wp-content\/uploads\/2019\/07\/1603-Audiencia-publica-Bom-Parto-PF_0002-1024x683-768x512.jpg 768w\" sizes=\"(max-width: 1024px) 100vw, 1024px\" \/><figcaption> <br>Prefeitura realizar\u00e1 audi\u00eancias p\u00fablicas online e presenciais sobre a LOA 2020.\u00a0Foto: Pei Fon\/ Secom Macei\u00f3 <\/figcaption><\/figure>\n\n\n\n<p> A Prefeitura de Macei\u00f3 informa que a Audi\u00eancia P\u00fablica para a Lei Or\u00e7ament\u00e1ria Anual (LOA) de 2020 ser\u00e1 de forma online e presencial. Por meio virtual, a participa\u00e7\u00e3o da popula\u00e7\u00e3o na sele\u00e7\u00e3o de prioridades se dar\u00e1 pelo Portal do Cidad\u00e3o (<a href=\"http:\/\/www.portaldocidadao.maceio.al.gov.br\/\">www.portaldocidadao.maceio.al.gov.br<\/a>), at\u00e9 25 de agosto. J\u00e1 as datas e os locais para as audi\u00eancias presenciais ser\u00e3o divulgadas na pr\u00f3xima semana pela Secretaria Municipal de Economia (Semec). <\/p>\n\n\n\n<p>A Lei Or\u00e7ament\u00e1ria Anual (LOA) \u00e9 a terceira lei ordin\u00e1ria do sistema or\u00e7ament\u00e1rio previsto na Constitui\u00e7\u00e3o Federal e na Lei Org\u00e2nica de Macei\u00f3. Nela, estima-se a receita e se fixa a despesa do Munic\u00edpio para um exerc\u00edcio financeiro (um ano). A Audi\u00eancia P\u00fablica Digital (APD) permite a participa\u00e7\u00e3o da popula\u00e7\u00e3o maceioense na constru\u00e7\u00e3o de prioridades para a LOA, observando o que foi planejado no Plano Plurianual do Munic\u00edpio (PPAM) e priorizado na Lei de Diretrizes Or\u00e7ament\u00e1rias (LDO) para 2020.<\/p>\n\n\n\n<p>O diretor de Planejamento Or\u00e7ament\u00e1rio da Semec, Ja\u00edlton Nic\u00e1cio, refor\u00e7ou a import\u00e2ncia da participa\u00e7\u00e3o do maceioense nas audi\u00eancias. \u201cSejam elas digitais ou presenciais, as audi\u00eancias s\u00e3o de extrema import\u00e2ncia para que a popula\u00e7\u00e3o possa ajudar o poder p\u00fabico municipal a priorizar as pol\u00edticas e a\u00e7\u00f5es p\u00fablicas que ser\u00e3o colocadas no ano vindouro. \u00c9 importante que o cidad\u00e3o participe ou acessando o Portal do Cidad\u00e3o, onde ele faz um pequeno cadastro e depois escolher entre as a\u00e7\u00f5es &nbsp;que constam na proposta que est\u00e1 na C\u00e2mara qual a\u00e7\u00e3o ele julga ser mais importante para que ela tenha prioridade na LOA de 2020\u201d, disse.<\/p>\n\n\n\n<p>\u201cAs audi\u00eancias p\u00fablicas presenciais, que estaremos divulgando local e data na pr\u00f3xima semana, se dar\u00e3o no mesmo formato: os participantes poder\u00e3o escolher dentre as a\u00e7\u00f5es que est\u00e3o previstas na LOA duas a\u00e7\u00f5es e constar\u00e3o dentro da Lei Or\u00e7ament\u00e1ria Anual com um grau de compromisso da administra\u00e7\u00e3o Rui Palmeira de que essas a\u00e7\u00f5es ser\u00e3o executadas\u201d, completou o diretor de Planejamento Or\u00e7ament\u00e1rio da Semec.<\/p>\n\n\n\n<p>As proposi\u00e7\u00f5es elencadas pelos cidad\u00e3os como prioridades passam a compor o Projeto de Lei, que ser\u00e1 enviado at\u00e9 o dia 15 de outubro para vota\u00e7\u00e3o na C\u00e2mara Municipal de Macei\u00f3 (CMM).<\/p>\n\n\n\n<p>Secom Macei\u00f3<\/p>\n","protected":false},"excerpt":{"rendered":"<p>A Prefeitura de Macei\u00f3 informa que a Audi\u00eancia P\u00fablica para a Lei Or\u00e7ament\u00e1ria Anual (LOA) de 2020<\/p>\n","protected":false},"author":1,"featured_media":8142,"comment_status":"open","ping_status":"open","sticky":false,"template":"","format":"standard","meta":{"footnotes":""},"categories":[5],"tags":[],"class_list":["post-8141","post","type-post","status-publish","format-standard","has-post-thumbnail","hentry","category-maceio"],"_links":{"self":[{"href":"https:\/\/4cantosalagoas.com.br\/portal\/wp-json\/wp\/v2\/posts\/8141","targetHints":{"allow":["GET"]}}],"collection":[{"href":"https:\/\/4cantosalagoas.com.br\/portal\/wp-json\/wp\/v2\/posts"}],"about":[{"href":"https:\/\/4cantosalagoas.com.br\/portal\/wp-json\/wp\/v2\/types\/post"}],"author":[{"embeddable":true,"href":"https:\/\/4cantosalagoas.com.br\/portal\/wp-json\/wp\/v2\/users\/1"}],"replies":[{"embeddable":true,"href":"https:\/\/4cantosalagoas.com.br\/portal\/wp-json\/wp\/v2\/comments?post=8141"}],"version-history":[{"count":1,"href":"https:\/\/4cantosalagoas.com.br\/portal\/wp-json\/wp\/v2\/posts\/8141\/revisions"}],"predecessor-version":[{"id":8143,"href":"https:\/\/4cantosalagoas.com.br\/portal\/wp-json\/wp\/v2\/posts\/8141\/revisions\/8143"}],"wp:featuredmedia":[{"embeddable":true,"href":"https:\/\/4cantosalagoas.com.br\/portal\/wp-json\/wp\/v2\/media\/8142"}],"wp:attachment":[{"href":"https:\/\/4cantosalagoas.com.br\/portal\/wp-json\/wp\/v2\/media?parent=8141"}],"wp:term":[{"taxonomy":"category","embeddable":true,"href":"https:\/\/4cantosalagoas.com.br\/portal\/wp-json\/wp\/v2\/categories?post=8141"},{"taxonomy":"post_tag","embeddable":true,"href":"https:\/\/4cantosalagoas.com.br\/portal\/wp-json\/wp\/v2\/tags?post=8141"}],"curies":[{"name":"wp","href":"https:\/\/api.w.org\/{rel}","templated":true}]}}