{"id":8081,"date":"2019-07-22T10:15:46","date_gmt":"2019-07-22T13:15:46","guid":{"rendered":"http:\/\/4cantosalagoas.com.br\/portal\/?p=8081"},"modified":"2019-07-22T10:15:55","modified_gmt":"2019-07-22T13:15:55","slug":"policia-civil-apreende-menor-suspeito-de-participar-de-sequestro-de-empresario","status":"publish","type":"post","link":"https:\/\/4cantosalagoas.com.br\/portal\/policia-civil-apreende-menor-suspeito-de-participar-de-sequestro-de-empresario\/","title":{"rendered":"Pol\u00edcia Civil apreende menor suspeito de participar de sequestro de empres\u00e1rio"},"content":{"rendered":"\n<figure class=\"wp-block-image\"><img fetchpriority=\"high\" decoding=\"async\" width=\"730\" height=\"411\" src=\"http:\/\/4cantosalagoas.com.br\/portal\/wp-content\/uploads\/2019\/07\/deic.jpg\" alt=\"\" class=\"wp-image-8082\" srcset=\"https:\/\/4cantosalagoas.com.br\/portal\/wp-content\/uploads\/2019\/07\/deic.jpg 730w, https:\/\/4cantosalagoas.com.br\/portal\/wp-content\/uploads\/2019\/07\/deic-300x169.jpg 300w\" sizes=\"(max-width: 730px) 100vw, 730px\" \/><figcaption>Assessoria<\/figcaption><\/figure>\n\n\n\n<p>Equipes da Divis\u00e3o Especial de Investiga\u00e7\u00e3o e Capturas (Deic), comandados pelos delegados F\u00e1bio Costa e Thiago Prado, apreenderam neste domingo (21) um menor envolvido no sequestro rel\u00e2mpago do empres\u00e1rio Marcelo Costa Torres, ocorrido no dia 13 deste m\u00eas de julho.<\/p>\n\n\n\n<p>A apreens\u00e3o aconteceu na casado menor, em uma vila na rua Izabela Clarindo, no bairro Santos Dumont, na parte alta de Macei\u00f3.<\/p>\n\n\n\n<p>No dia do crime, foi preso Williams Lago da Silva, 18 anos, e Jo\u00e3o Vitor da Silva, 22 anos, morreu em confronto com as for\u00e7as de seguran\u00e7a.<\/p>\n\n\n\n<p>O adolescente havia fugido. Jo\u00e3o Vitor de Souza Santos, conhecido como \u201cChurrasco\u201d continua foragido.<\/p>\n\n\n\n<p>Participaram da apreens\u00e3o do menor equipes da Se\u00e7\u00e3o Antissequestro, \u00a0N\u00facleo de Intelig\u00eancia da Deic, \u00a0T\u00e1tico Integrado de Grupos de Resgates Especiais (Tigre) e Se\u00e7\u00e3o de Capturas.<\/p>\n\n\n\n<p>Assessoria<\/p>\n","protected":false},"excerpt":{"rendered":"<p>Equipes da Divis\u00e3o Especial de Investiga\u00e7\u00e3o e Capturas (Deic), comandados pelos delegados F\u00e1bio Costa e Thiago Prado,<\/p>\n","protected":false},"author":1,"featured_media":8082,"comment_status":"open","ping_status":"open","sticky":false,"template":"","format":"standard","meta":{"footnotes":""},"categories":[11],"tags":[],"class_list":["post-8081","post","type-post","status-publish","format-standard","has-post-thumbnail","hentry","category-policia"],"_links":{"self":[{"href":"https:\/\/4cantosalagoas.com.br\/portal\/wp-json\/wp\/v2\/posts\/8081","targetHints":{"allow":["GET"]}}],"collection":[{"href":"https:\/\/4cantosalagoas.com.br\/portal\/wp-json\/wp\/v2\/posts"}],"about":[{"href":"https:\/\/4cantosalagoas.com.br\/portal\/wp-json\/wp\/v2\/types\/post"}],"author":[{"embeddable":true,"href":"https:\/\/4cantosalagoas.com.br\/portal\/wp-json\/wp\/v2\/users\/1"}],"replies":[{"embeddable":true,"href":"https:\/\/4cantosalagoas.com.br\/portal\/wp-json\/wp\/v2\/comments?post=8081"}],"version-history":[{"count":1,"href":"https:\/\/4cantosalagoas.com.br\/portal\/wp-json\/wp\/v2\/posts\/8081\/revisions"}],"predecessor-version":[{"id":8083,"href":"https:\/\/4cantosalagoas.com.br\/portal\/wp-json\/wp\/v2\/posts\/8081\/revisions\/8083"}],"wp:featuredmedia":[{"embeddable":true,"href":"https:\/\/4cantosalagoas.com.br\/portal\/wp-json\/wp\/v2\/media\/8082"}],"wp:attachment":[{"href":"https:\/\/4cantosalagoas.com.br\/portal\/wp-json\/wp\/v2\/media?parent=8081"}],"wp:term":[{"taxonomy":"category","embeddable":true,"href":"https:\/\/4cantosalagoas.com.br\/portal\/wp-json\/wp\/v2\/categories?post=8081"},{"taxonomy":"post_tag","embeddable":true,"href":"https:\/\/4cantosalagoas.com.br\/portal\/wp-json\/wp\/v2\/tags?post=8081"}],"curies":[{"name":"wp","href":"https:\/\/api.w.org\/{rel}","templated":true}]}}