{"id":8065,"date":"2019-07-19T10:36:25","date_gmt":"2019-07-19T13:36:25","guid":{"rendered":"http:\/\/4cantosalagoas.com.br\/portal\/?p=8065"},"modified":"2019-07-22T09:59:44","modified_gmt":"2019-07-22T12:59:44","slug":"semarh-realiza-mais-uma-edicao-da-feira-organica-no-proximo-domingo-21","status":"publish","type":"post","link":"https:\/\/4cantosalagoas.com.br\/portal\/semarh-realiza-mais-uma-edicao-da-feira-organica-no-proximo-domingo-21\/","title":{"rendered":"Semarh realiza mais uma edi\u00e7\u00e3o da Feira Org\u00e2nica no pr\u00f3ximo domingo (21)"},"content":{"rendered":"\n<figure class=\"wp-block-image\"><img fetchpriority=\"high\" decoding=\"async\" width=\"400\" height=\"269\" src=\"http:\/\/4cantosalagoas.com.br\/portal\/wp-content\/uploads\/2019\/07\/feras.jpg\" alt=\"\" class=\"wp-image-8066\" srcset=\"https:\/\/4cantosalagoas.com.br\/portal\/wp-content\/uploads\/2019\/07\/feras.jpg 400w, https:\/\/4cantosalagoas.com.br\/portal\/wp-content\/uploads\/2019\/07\/feras-300x202.jpg 300w\" sizes=\"(max-width: 400px) 100vw, 400px\" \/><figcaption>Assessoria<\/figcaption><\/figure>\n\n\n\n<p>Mais uma edi\u00e7\u00e3o da Feira Org\u00e2nica da Secretaria de Estado do Meio Ambiente e dos Recursos H\u00eddricos (Semarh) acontece em Macei\u00f3, neste pr\u00f3ximo domingo (21). A iniciativa, que conta com a parceria da Superintend\u00eancia Urbana de Desenvolvimento Sustent\u00e1vel (SUDES), ser\u00e1 realizada das 8h \u00e0s 12h, na Pra\u00e7a Gog\u00f3 da Ema, na Orla de Ponta Verde, em frente ao antigo Alagoinha.<\/p>\n\n\n\n<p>&nbsp;Os Agricultores participantes da Feira, localizados na zona da mata do Estado, v\u00e3o comercializar produtos org\u00e2nicos livres de agrot\u00f3xicos, proporcionando uma grande variedade de frutas, legumes, folhosos e verduras.&nbsp;Tornando a a\u00e7\u00e3o mais atrativa e diversificada, o p\u00fablico tamb\u00e9m contar\u00e1 com alimentos tradicionais da culin\u00e1ria alagoana preparados na hora e pronto para consumo, como tapioca de diversos sabores e bolos feitos com os produtos org\u00e2nicos. <\/p>\n\n\n\n<p>Assessoria<\/p>\n","protected":false},"excerpt":{"rendered":"<p>Mais uma edi\u00e7\u00e3o da Feira Org\u00e2nica da Secretaria de Estado do Meio Ambiente e dos Recursos H\u00eddricos<\/p>\n","protected":false},"author":1,"featured_media":8066,"comment_status":"open","ping_status":"open","sticky":false,"template":"","format":"standard","meta":{"footnotes":""},"categories":[4],"tags":[],"class_list":["post-8065","post","type-post","status-publish","format-standard","has-post-thumbnail","hentry","category-noticias"],"_links":{"self":[{"href":"https:\/\/4cantosalagoas.com.br\/portal\/wp-json\/wp\/v2\/posts\/8065","targetHints":{"allow":["GET"]}}],"collection":[{"href":"https:\/\/4cantosalagoas.com.br\/portal\/wp-json\/wp\/v2\/posts"}],"about":[{"href":"https:\/\/4cantosalagoas.com.br\/portal\/wp-json\/wp\/v2\/types\/post"}],"author":[{"embeddable":true,"href":"https:\/\/4cantosalagoas.com.br\/portal\/wp-json\/wp\/v2\/users\/1"}],"replies":[{"embeddable":true,"href":"https:\/\/4cantosalagoas.com.br\/portal\/wp-json\/wp\/v2\/comments?post=8065"}],"version-history":[{"count":2,"href":"https:\/\/4cantosalagoas.com.br\/portal\/wp-json\/wp\/v2\/posts\/8065\/revisions"}],"predecessor-version":[{"id":8077,"href":"https:\/\/4cantosalagoas.com.br\/portal\/wp-json\/wp\/v2\/posts\/8065\/revisions\/8077"}],"wp:featuredmedia":[{"embeddable":true,"href":"https:\/\/4cantosalagoas.com.br\/portal\/wp-json\/wp\/v2\/media\/8066"}],"wp:attachment":[{"href":"https:\/\/4cantosalagoas.com.br\/portal\/wp-json\/wp\/v2\/media?parent=8065"}],"wp:term":[{"taxonomy":"category","embeddable":true,"href":"https:\/\/4cantosalagoas.com.br\/portal\/wp-json\/wp\/v2\/categories?post=8065"},{"taxonomy":"post_tag","embeddable":true,"href":"https:\/\/4cantosalagoas.com.br\/portal\/wp-json\/wp\/v2\/tags?post=8065"}],"curies":[{"name":"wp","href":"https:\/\/api.w.org\/{rel}","templated":true}]}}