{"id":8059,"date":"2019-07-19T07:46:44","date_gmt":"2019-07-19T10:46:44","guid":{"rendered":"http:\/\/4cantosalagoas.com.br\/portal\/?p=8059"},"modified":"2019-07-19T07:46:54","modified_gmt":"2019-07-19T10:46:54","slug":"orla-da-pajucara-recebe-praia-acessivel-neste-sabado","status":"publish","type":"post","link":"https:\/\/4cantosalagoas.com.br\/portal\/orla-da-pajucara-recebe-praia-acessivel-neste-sabado\/","title":{"rendered":"Orla da Paju\u00e7ara recebe Praia Acess\u00edvel neste s\u00e1bado"},"content":{"rendered":"\n<figure class=\"wp-block-image\"><img fetchpriority=\"high\" decoding=\"async\" width=\"964\" height=\"640\" src=\"http:\/\/4cantosalagoas.com.br\/portal\/wp-content\/uploads\/2019\/07\/pata.jpg\" alt=\"\" class=\"wp-image-8060\" srcset=\"https:\/\/4cantosalagoas.com.br\/portal\/wp-content\/uploads\/2019\/07\/pata.jpg 964w, https:\/\/4cantosalagoas.com.br\/portal\/wp-content\/uploads\/2019\/07\/pata-300x199.jpg 300w, https:\/\/4cantosalagoas.com.br\/portal\/wp-content\/uploads\/2019\/07\/pata-768x510.jpg 768w\" sizes=\"(max-width: 964px) 100vw, 964px\" \/><figcaption>Praia Acess\u00edvel\rFotos: Marco Ant\u00f4nio\/Secom Macei\u00f3<\/figcaption><\/figure>\n\n\n\n<p> A Prefeitura de Macei\u00f3 promove, no pr\u00f3ximo s\u00e1bado (20), a partir das 8h, a edi\u00e7\u00e3o mensal do Projeto Praia Acess\u00edvel. A a\u00e7\u00e3o, que acontece na Pra\u00e7a Ger\u00f4nimo Ciqueira, na orla de Paju\u00e7ara,vai comemorar o Dia dos Av\u00f3s e contar\u00e1 com uma s\u00e9rie de atividades esportivas e de recrea\u00e7\u00e3o voltadas \u00e0s pessoas com defici\u00eancia. O projeto \u00e9 realizado pela Secretaria Municipal de Turismo, Esporte, Lazer (Semtel), em parceria com entidades e institui\u00e7\u00f5es privadas. <\/p>\n\n\n\n<p>A 6\u00aa edi\u00e7\u00e3o do projeto em 2019 traz uma s\u00e9rie de a\u00e7\u00f5es como alongamentos e dan\u00e7a, pr\u00e1tica de esportes como, bocha, basquete, v\u00f4lei e futebol, al\u00e9m da realiza\u00e7\u00e3o de brincadeiras recreativas adaptadas. Um dos maiores atrativos do projeto \u00e9 o momento do banho de mar assistido, quando os participantes t\u00eam a oportunidade de aproveitar o mar de Paju\u00e7ara com o suporte de uma cadeira de rodas anf\u00edbia.<\/p>\n\n\n\n<p>As atividades acontecem ao longo da manh\u00e3 e contam ainda com um lanche oferecido aos participantes e um hor\u00e1rio de alongamento e relaxamento com m\u00fasica. A a\u00e7\u00e3o, voltada ao lazer de pessoas com defici\u00eancia, \u00e9 aberta \u00e0 popula\u00e7\u00e3o e atende a centenas participantes a cada edi\u00e7\u00e3o.<\/p>\n\n\n\n<p>De acordo com o secret\u00e1rio-adjunto do Esporte e Lazer da Semtel, Diogo Reb\u00ealo, o projeto tem foco na inclus\u00e3o de pessoas com defici\u00eancia e sempre conta com a participa\u00e7\u00e3o de familiares e amigos. \u201cO Praia Acess\u00edvel \u00e9 um projeto que o prefeito Rui Palmeira tem muito orgulho em realizar e o carinho que agente recebe das pessoas que participam \u00e9 muito grande. Essa edi\u00e7\u00e3o em homenagem ao av\u00f3s \u00e9 mais uma oportunidade de reunir a fam\u00edlia e vir participar\u201d, afirma.<\/p>\n\n\n\n<p>O Praia Acess\u00edvel conta com a parceria da Faculdade UniNassau, Illa Sorvetes e Laborat\u00f3rios Nabuco lopes, al\u00e9m do apoio Conselho Municipal dos Direitos da Pessoa com Defici\u00eancia.<\/p>\n\n\n\n<figure class=\"wp-block-image\"><img decoding=\"async\" src=\"http:\/\/www.maceio.al.gov.br\/wp-content\/uploads\/2019\/07\/jpg\/2019\/07\/cadeirasanf%C3%ADbias.jpg\" alt=\"\" class=\"wp-image-313042\"\/><\/figure>\n\n\n\n<p>Cadeiras anf\u00edbias garantem o banho de mar acess\u00edvel. Foto: Pei Fon\/Secom Macei\u00f3<\/p>\n\n\n\n<p><strong>Lazer acess\u00edvel e inclus\u00e3o social<\/strong><\/p>\n\n\n\n<p>Em atividade desde 2015, o Projeto Praia Acess\u00edvel \u00e9 uma a\u00e7\u00e3o de desporto adaptada voltado ao lazer de pessoas com defici\u00eancia. A programa\u00e7\u00e3o inclui uma s\u00e9rie de atividades, levando momentos de descontra\u00e7\u00e3o e divers\u00e3o aos participantes.<\/p>\n\n\n\n<p>Al\u00e9m da a\u00e7\u00e3o mensal, a Semtel busca ampliar a pr\u00e1tica do lazer acess\u00edvel por meio do empr\u00e9stimo das cadeiras anf\u00edbias a partir da solicita\u00e7\u00e3o e agendamento. A inten\u00e7\u00e3o \u00e9 oferecer uma op\u00e7\u00e3o segura das pessoas desfrutarem de um passeio acess\u00edvel dispon\u00edvel para turistas e maceioenses, que podem permanecer por at\u00e9 uma semana com uma dessas cadeiras.<\/p>\n\n\n\n<p>Luiz Rios\/ Ascom Semtel<\/p>\n","protected":false},"excerpt":{"rendered":"<p>A Prefeitura de Macei\u00f3 promove, no pr\u00f3ximo s\u00e1bado (20), a partir das 8h, a edi\u00e7\u00e3o mensal do<\/p>\n","protected":false},"author":1,"featured_media":8060,"comment_status":"open","ping_status":"open","sticky":false,"template":"","format":"standard","meta":{"footnotes":""},"categories":[60],"tags":[],"class_list":["post-8059","post","type-post","status-publish","format-standard","has-post-thumbnail","hentry","category-capa"],"_links":{"self":[{"href":"https:\/\/4cantosalagoas.com.br\/portal\/wp-json\/wp\/v2\/posts\/8059","targetHints":{"allow":["GET"]}}],"collection":[{"href":"https:\/\/4cantosalagoas.com.br\/portal\/wp-json\/wp\/v2\/posts"}],"about":[{"href":"https:\/\/4cantosalagoas.com.br\/portal\/wp-json\/wp\/v2\/types\/post"}],"author":[{"embeddable":true,"href":"https:\/\/4cantosalagoas.com.br\/portal\/wp-json\/wp\/v2\/users\/1"}],"replies":[{"embeddable":true,"href":"https:\/\/4cantosalagoas.com.br\/portal\/wp-json\/wp\/v2\/comments?post=8059"}],"version-history":[{"count":1,"href":"https:\/\/4cantosalagoas.com.br\/portal\/wp-json\/wp\/v2\/posts\/8059\/revisions"}],"predecessor-version":[{"id":8061,"href":"https:\/\/4cantosalagoas.com.br\/portal\/wp-json\/wp\/v2\/posts\/8059\/revisions\/8061"}],"wp:featuredmedia":[{"embeddable":true,"href":"https:\/\/4cantosalagoas.com.br\/portal\/wp-json\/wp\/v2\/media\/8060"}],"wp:attachment":[{"href":"https:\/\/4cantosalagoas.com.br\/portal\/wp-json\/wp\/v2\/media?parent=8059"}],"wp:term":[{"taxonomy":"category","embeddable":true,"href":"https:\/\/4cantosalagoas.com.br\/portal\/wp-json\/wp\/v2\/categories?post=8059"},{"taxonomy":"post_tag","embeddable":true,"href":"https:\/\/4cantosalagoas.com.br\/portal\/wp-json\/wp\/v2\/tags?post=8059"}],"curies":[{"name":"wp","href":"https:\/\/api.w.org\/{rel}","templated":true}]}}