{"id":8054,"date":"2019-07-19T07:37:31","date_gmt":"2019-07-19T10:37:31","guid":{"rendered":"http:\/\/4cantosalagoas.com.br\/portal\/?p=8054"},"modified":"2019-07-19T07:37:40","modified_gmt":"2019-07-19T10:37:40","slug":"policia-prende-comandante-do-trafico-de-drogas-em-igaci","status":"publish","type":"post","link":"https:\/\/4cantosalagoas.com.br\/portal\/policia-prende-comandante-do-trafico-de-drogas-em-igaci\/","title":{"rendered":"Pol\u00edcia prende comandante do tr\u00e1fico de drogas em Igaci"},"content":{"rendered":"\n<figure class=\"wp-block-image\"><img fetchpriority=\"high\" decoding=\"async\" width=\"1032\" height=\"581\" src=\"https:\/\/i0.wp.com\/4cantosalagoas.com.br\/portal\/wp-content\/uploads\/2019\/07\/igaci.jpg?fit=1024%2C576\" alt=\"\" class=\"wp-image-8055\" srcset=\"https:\/\/4cantosalagoas.com.br\/portal\/wp-content\/uploads\/2019\/07\/igaci.jpg 1032w, https:\/\/4cantosalagoas.com.br\/portal\/wp-content\/uploads\/2019\/07\/igaci-300x169.jpg 300w, https:\/\/4cantosalagoas.com.br\/portal\/wp-content\/uploads\/2019\/07\/igaci-768x432.jpg 768w, https:\/\/4cantosalagoas.com.br\/portal\/wp-content\/uploads\/2019\/07\/igaci-1024x576.jpg 1024w\" sizes=\"(max-width: 1032px) 100vw, 1032px\" \/><figcaption> <br><em>Material apreendido com o acusado de comandar tr\u00e1fico (Foto: ASCOM\/PC)<\/em> <\/figcaption><\/figure>\n\n\n\n<p>Policiais civis do 67\u00ba Distrito Policial de Igaci, comandados pelo delegado Alexandre Leite, regional de Palmeira dos \u00cdndios, prenderam na manh\u00e3 desta quinta-feira (18) um homem acusado de comandar o tr\u00e1fico na cidade. A a\u00e7\u00e3o teve o apoio de militares do Centro Integrado de Seguran\u00e7a P\u00fablica (Cisp) do munic\u00edpio.<\/p>\n\n\n\n<p>Jo\u00e3o Paulo Pereira da Silva, de 23 anos, foi detido, ap\u00f3s um trabalho de investiga\u00e7\u00e3o realizado pelos policiais civis, que resultou no mandado de pris\u00e3o preventiva, expedido pelo juiz Ewerton Luiz Chaves.<\/p>\n\n\n\n<p>Ele era procurado, ap\u00f3s escapar de um cerco policial que culminou na pris\u00e3o de seu irm\u00e3o, tamb\u00e9m acusado de chefiar o tr\u00e1fico em Igaci.<\/p>\n\n\n\n<p>Os dois j\u00e1 s\u00e3o indiciados em inqu\u00e9ritos pela pr\u00e1tica de homic\u00eddios, ocorridos na zona rural do munic\u00edpio.<\/p>\n\n\n\n<p>Com o traficante, a policia apreendeu 122 bombinhas de crack, seis pinos de coca\u00edna, pinos vazios, seringas descart\u00e1veis e comprimidos usados como entorpecente.<\/p>\n\n\n\n<p>Assessoria<\/p>\n","protected":false},"excerpt":{"rendered":"<p>Policiais civis do 67\u00ba Distrito Policial de Igaci, comandados pelo delegado Alexandre Leite, regional de Palmeira dos<\/p>\n","protected":false},"author":1,"featured_media":8055,"comment_status":"open","ping_status":"open","sticky":false,"template":"","format":"standard","meta":{"footnotes":""},"categories":[11],"tags":[],"class_list":["post-8054","post","type-post","status-publish","format-standard","has-post-thumbnail","hentry","category-policia"],"_links":{"self":[{"href":"https:\/\/4cantosalagoas.com.br\/portal\/wp-json\/wp\/v2\/posts\/8054","targetHints":{"allow":["GET"]}}],"collection":[{"href":"https:\/\/4cantosalagoas.com.br\/portal\/wp-json\/wp\/v2\/posts"}],"about":[{"href":"https:\/\/4cantosalagoas.com.br\/portal\/wp-json\/wp\/v2\/types\/post"}],"author":[{"embeddable":true,"href":"https:\/\/4cantosalagoas.com.br\/portal\/wp-json\/wp\/v2\/users\/1"}],"replies":[{"embeddable":true,"href":"https:\/\/4cantosalagoas.com.br\/portal\/wp-json\/wp\/v2\/comments?post=8054"}],"version-history":[{"count":1,"href":"https:\/\/4cantosalagoas.com.br\/portal\/wp-json\/wp\/v2\/posts\/8054\/revisions"}],"predecessor-version":[{"id":8056,"href":"https:\/\/4cantosalagoas.com.br\/portal\/wp-json\/wp\/v2\/posts\/8054\/revisions\/8056"}],"wp:featuredmedia":[{"embeddable":true,"href":"https:\/\/4cantosalagoas.com.br\/portal\/wp-json\/wp\/v2\/media\/8055"}],"wp:attachment":[{"href":"https:\/\/4cantosalagoas.com.br\/portal\/wp-json\/wp\/v2\/media?parent=8054"}],"wp:term":[{"taxonomy":"category","embeddable":true,"href":"https:\/\/4cantosalagoas.com.br\/portal\/wp-json\/wp\/v2\/categories?post=8054"},{"taxonomy":"post_tag","embeddable":true,"href":"https:\/\/4cantosalagoas.com.br\/portal\/wp-json\/wp\/v2\/tags?post=8054"}],"curies":[{"name":"wp","href":"https:\/\/api.w.org\/{rel}","templated":true}]}}