{"id":7995,"date":"2019-07-12T18:14:31","date_gmt":"2019-07-12T21:14:31","guid":{"rendered":"http:\/\/4cantosalagoas.com.br\/portal\/?p=7995"},"modified":"2019-07-15T11:05:40","modified_gmt":"2019-07-15T14:05:40","slug":"atividades-e-exposicoes-gratuitas-integram-28o-fim-de-semana-no-museu","status":"publish","type":"post","link":"https:\/\/4cantosalagoas.com.br\/portal\/atividades-e-exposicoes-gratuitas-integram-28o-fim-de-semana-no-museu\/","title":{"rendered":"Atividades e exposi\u00e7\u00f5es gratuitas integram 28\u00ba Fim de Semana no Museu"},"content":{"rendered":"\n<figure class=\"wp-block-image\"><img fetchpriority=\"high\" decoding=\"async\" width=\"797\" height=\"790\" src=\"http:\/\/4cantosalagoas.com.br\/portal\/wp-content\/uploads\/2019\/07\/corets.jpg\" alt=\"\" class=\"wp-image-7996\" srcset=\"https:\/\/4cantosalagoas.com.br\/portal\/wp-content\/uploads\/2019\/07\/corets.jpg 797w, https:\/\/4cantosalagoas.com.br\/portal\/wp-content\/uploads\/2019\/07\/corets-150x150.jpg 150w, https:\/\/4cantosalagoas.com.br\/portal\/wp-content\/uploads\/2019\/07\/corets-300x297.jpg 300w, https:\/\/4cantosalagoas.com.br\/portal\/wp-content\/uploads\/2019\/07\/corets-768x761.jpg 768w\" sizes=\"(max-width: 797px) 100vw, 797px\" \/><figcaption>Divulga\u00e7\u00e3o<\/figcaption><\/figure>\n\n\n\n<p>Anf\u00edbios e r\u00e9pteis invadem o Museu de Hist\u00f3ria Natural (MHN) da Universidade Federal de Alagoas (Ufal) para a 28\u00aa edi\u00e7\u00e3o do Fim de Semana no Museu, que acontece neste s\u00e1bado (13) e domingo (14), das 9h \u00e0s 12h e das 14h \u00e0s 17h, na sede do MHN, que fica na Avenida Amazonas, Prado, em frente \u00e0 Pra\u00e7a da Faculdade.<\/p>\n\n\n\n<p>O evento, organizado pelo setor de Herpetologia, tem como principal objetivo divulgar o conhecimento sobre os anf\u00edbios e os r\u00e9pteis, dois grupos de animais que muitas vezes despertam medo e antipatia do p\u00fablico em geral. A edi\u00e7\u00e3o tratar\u00e1 da import\u00e2ncia, aspectos biol\u00f3gicos, diversidade e desmistifica\u00e7\u00e3o de informa\u00e7\u00f5es erradas sobre sapos, cobras, jacar\u00e9s, tartarugas, lagartos, entre outros animais.<\/p>\n\n\n\n<p>Na programa\u00e7\u00e3o, oficinas, apresenta\u00e7\u00e3o de filmes, bate-papo, atividades infantis, homenagens a colaboradores do setor de Herpetologia do MHN e apresenta\u00e7\u00f5es culturais de Kung Fu e da banda do Ronda no Bairro. O Fim de Semana no Museu contar\u00e1 ainda com as atividades cont\u00ednuas, como espa\u00e7o para pintura, brincadeiras e exposi\u00e7\u00f5es.<\/p>\n\n\n\n<p>Durante o evento o p\u00fablico encontrar\u00e1, al\u00e9m do acervo de exposi\u00e7\u00f5es do MHN, mostra fotogr\u00e1fica, esculturas de animais e objetos feitos com pneus reaproveitados, da artista pl\u00e1stica Edjane Galv\u00e3o, e a inaugura\u00e7\u00e3o da exposi\u00e7\u00e3o tempor\u00e1ria&nbsp;<em>Em Mon\u00e7\u00e3o<\/em>, da Eva Le Campion.<\/p>\n\n\n\n<p>Trazendo inclus\u00e3o para o evento, haver\u00e1 ainda a exposi\u00e7\u00e3o&nbsp;<em>Multissensorial &#8211; um novo olhar sobre as serpentes,<\/em>&nbsp;resultado de um projeto realizado por alunos do curso de biologia do Cesmac, liderados pela professora Ingrid Tib\u00farcio, que tamb\u00e9m \u00e9 colaboradora do MHN. A atra\u00e7\u00e3o apresentar\u00e1 pe\u00e7as sobre esses animais voltadas para o p\u00fablico com defici\u00eancia visual, que poder\u00e1 tocar nas pe\u00e7as, que ter\u00e3o informa\u00e7\u00f5es descritas em braile e tamb\u00e9m poder\u00e3o ser ouvidas em \u00e1udios.<\/p>\n\n\n\n<p>De acordo com Filipe Nascimento, bi\u00f3logo do MHN e organizador do evento, a inten\u00e7\u00e3o \u00e9 atrair o p\u00fablico para um momento de lazer e aprendizagem. \u201cEsse tem sido o principal objetivo do nosso projeto, levar conhecimento, sobretudo aquele voltado \u00e0s ci\u00eancias naturais, para um amplo p\u00fablico\u201d, destacou.<\/p>\n\n\n\n<p>As atividades do Fim de Semana no Museu s\u00e3o gratuitas e voltadas para o p\u00fablico de todas as idades.<\/p>\n\n\n\n<p><strong>Servi\u00e7o<\/strong><\/p>\n\n\n\n<p>O qu\u00ea: 28\u00b0 Fim de Semana no Museu<\/p>\n\n\n\n<p>Quando: s\u00e1bado (13) e domingo (14), das 9h \u00e0s 12h e das 14h \u00e0s 17h.<\/p>\n\n\n\n<p>Onde: sede do MHN<\/p>\n\n\n\n<p>Quanto: gratuito<\/p>\n","protected":false},"excerpt":{"rendered":"<p>Anf\u00edbios e r\u00e9pteis invadem o Museu de Hist\u00f3ria Natural (MHN) da Universidade Federal de Alagoas (Ufal) para<\/p>\n","protected":false},"author":1,"featured_media":7996,"comment_status":"open","ping_status":"open","sticky":false,"template":"","format":"standard","meta":{"footnotes":""},"categories":[4],"tags":[],"class_list":["post-7995","post","type-post","status-publish","format-standard","has-post-thumbnail","hentry","category-noticias"],"_links":{"self":[{"href":"https:\/\/4cantosalagoas.com.br\/portal\/wp-json\/wp\/v2\/posts\/7995","targetHints":{"allow":["GET"]}}],"collection":[{"href":"https:\/\/4cantosalagoas.com.br\/portal\/wp-json\/wp\/v2\/posts"}],"about":[{"href":"https:\/\/4cantosalagoas.com.br\/portal\/wp-json\/wp\/v2\/types\/post"}],"author":[{"embeddable":true,"href":"https:\/\/4cantosalagoas.com.br\/portal\/wp-json\/wp\/v2\/users\/1"}],"replies":[{"embeddable":true,"href":"https:\/\/4cantosalagoas.com.br\/portal\/wp-json\/wp\/v2\/comments?post=7995"}],"version-history":[{"count":1,"href":"https:\/\/4cantosalagoas.com.br\/portal\/wp-json\/wp\/v2\/posts\/7995\/revisions"}],"predecessor-version":[{"id":7997,"href":"https:\/\/4cantosalagoas.com.br\/portal\/wp-json\/wp\/v2\/posts\/7995\/revisions\/7997"}],"wp:featuredmedia":[{"embeddable":true,"href":"https:\/\/4cantosalagoas.com.br\/portal\/wp-json\/wp\/v2\/media\/7996"}],"wp:attachment":[{"href":"https:\/\/4cantosalagoas.com.br\/portal\/wp-json\/wp\/v2\/media?parent=7995"}],"wp:term":[{"taxonomy":"category","embeddable":true,"href":"https:\/\/4cantosalagoas.com.br\/portal\/wp-json\/wp\/v2\/categories?post=7995"},{"taxonomy":"post_tag","embeddable":true,"href":"https:\/\/4cantosalagoas.com.br\/portal\/wp-json\/wp\/v2\/tags?post=7995"}],"curies":[{"name":"wp","href":"https:\/\/api.w.org\/{rel}","templated":true}]}}