{"id":7981,"date":"2019-07-11T11:39:41","date_gmt":"2019-07-11T14:39:41","guid":{"rendered":"http:\/\/4cantosalagoas.com.br\/portal\/?p=7981"},"modified":"2019-07-11T11:39:52","modified_gmt":"2019-07-11T14:39:52","slug":"presa-dupla-acusada-de-integrar-quadrilha-especializada-em-arrombar-veiculos","status":"publish","type":"post","link":"https:\/\/4cantosalagoas.com.br\/portal\/presa-dupla-acusada-de-integrar-quadrilha-especializada-em-arrombar-veiculos\/","title":{"rendered":"Presa dupla acusada de integrar quadrilha especializada em arrombar ve\u00edculos"},"content":{"rendered":"\n<figure class=\"wp-block-image\"><img fetchpriority=\"high\" decoding=\"async\" width=\"1280\" height=\"720\" src=\"https:\/\/i0.wp.com\/4cantosalagoas.com.br\/portal\/wp-content\/uploads\/2019\/07\/bolsas-1.jpg?fit=1024%2C576\" alt=\"\" class=\"wp-image-7983\" srcset=\"https:\/\/4cantosalagoas.com.br\/portal\/wp-content\/uploads\/2019\/07\/bolsas-1.jpg 1280w, https:\/\/4cantosalagoas.com.br\/portal\/wp-content\/uploads\/2019\/07\/bolsas-1-300x169.jpg 300w, https:\/\/4cantosalagoas.com.br\/portal\/wp-content\/uploads\/2019\/07\/bolsas-1-768x432.jpg 768w, https:\/\/4cantosalagoas.com.br\/portal\/wp-content\/uploads\/2019\/07\/bolsas-1-1024x576.jpg 1024w\" sizes=\"(max-width: 1280px) 100vw, 1280px\" \/><figcaption> <br><em>Parte do material apreendido com a dupla integrante da quadrilha (Foto: ASCOM\/PC)<\/em> <\/figcaption><\/figure>\n\n\n\n<p>Dois homens foram presos, em flagrante, nesta quarta-feira (10), acusados de integrar uma quadrilha especializada em arrombar e furtar objetos de dentro de ve\u00edculos. A dupla confessou ter arrombado dezenas de autom\u00f3veis em Macei\u00f3, Arapiraca, cidades do interior alagoano, Pernambuco e Bahia.<\/p>\n\n\n\n<p>A delegada Maria Angelita, titular da Delegacia de Roubos e Furtos de Ve\u00edculos e Cargas (DRFVC), informou que outras pessoas envolvidas nos crimes est\u00e3o sendo procuradas.&nbsp;<\/p>\n\n\n\n<p>Yago Fernandes Lima de Oliveira, de 23 anos, um dos acusados preso, confessou que praticou mais de 40 arrombamentos de carros. O outro preso foi identificado como Darlan da Silva Oliveira, 24 anos.<\/p>\n\n\n\n<p>Contra o grupo, j\u00e1 havia dezenas de Boletins de Ocorr\u00eancias (BOs), mas nenhum tinha sido identificado, at\u00e9 ent\u00e3o.<\/p>\n\n\n\n<p>Um deles foi preso em um posto de combust\u00edveis, na localidade Acau\u00e3, pr\u00f3ximo ao conjunto residencial Graciliano Ramos; o outro, na casa dele, tamb\u00e9m naquela regi\u00e3o.&nbsp;<\/p>\n\n\n\n<p>Ao ser interrogado, Yago disse que em um dos casos, em Caruaru, o grupo conseguiu furtar R$ 40 mil de dentro de uma caminhoneta S-10. \u201cEle chegou a tirar foto do dinheiro, ostentando e publicou nas redes sociais\u201d, disse a delegada.&nbsp;<\/p>\n\n\n\n<p>O grupo atuava em estacionamentos de supermercados e shoppings. Na ter\u00e7a-feira (9), eles arrombaram um ve\u00edculo num supermercado, localizado no bairro Gruta de Lourdes, em Macei\u00f3.<\/p>\n\n\n\n<p>A delegada explica que nesses locais, os motoristas acabam descuidando e deixando os ve\u00edculos com objetos de valor expostos.<\/p>\n\n\n\n<p>Maria Angelita orienta que as pessoas evitem&nbsp;deixar objetos de valor nos ve\u00edculos. Tamb\u00e9m \u00e9 importante que, ao acionar o alarme em locais p\u00fablicos, a pessoa confira na ma\u00e7aneta se o ve\u00edculo est\u00e1 realmente travado.<\/p>\n\n\n\n<p>O grupo utiliza uma tesoura desmontada para destravar os ve\u00edculos, al\u00e9m de um aparelho conhecido como \u201cchapolin\u201d (bloqueador), que impede o fechamento das portas, mesmo que o alarme seja acionado.<\/p>\n\n\n\n<p>Com eles, os policiais civis encontraram a esp\u00e9cie de tesoura e um bloqueador usados nos crimes. Tamb\u00e9m foram apreendidos dois ve\u00edculos \u2013 um Volkswagen Gol e um Corsa.<\/p>\n\n\n\n<p>A Delegacia de Roubos e Furtos de Ve\u00edculos e Cargas segue com as investiga\u00e7\u00f5es e pede que quem tiver mais informa\u00e7\u00f5es sobre o grupo entre em contato no 181.<\/p>\n\n\n\n<figure class=\"wp-block-image\"><img decoding=\"async\" src=\"http:\/\/pc.al.gov.br\/home\/id\/wp-content\/uploads\/2019\/07\/Foto-drfvc-2-10-07.jpg\" alt=\"\" class=\"wp-image-22629\"\/><figcaption>A Pol\u00edcia Civil apreendeu parte dos objetos furtados pela dupla (Foto: ASCOM\/PC)<\/figcaption><\/figure>\n","protected":false},"excerpt":{"rendered":"<p>Dois homens foram presos, em flagrante, nesta quarta-feira (10), acusados de integrar uma quadrilha especializada em arrombar<\/p>\n","protected":false},"author":1,"featured_media":7982,"comment_status":"open","ping_status":"open","sticky":false,"template":"","format":"standard","meta":{"footnotes":""},"categories":[60],"tags":[],"class_list":["post-7981","post","type-post","status-publish","format-standard","has-post-thumbnail","hentry","category-capa"],"_links":{"self":[{"href":"https:\/\/4cantosalagoas.com.br\/portal\/wp-json\/wp\/v2\/posts\/7981","targetHints":{"allow":["GET"]}}],"collection":[{"href":"https:\/\/4cantosalagoas.com.br\/portal\/wp-json\/wp\/v2\/posts"}],"about":[{"href":"https:\/\/4cantosalagoas.com.br\/portal\/wp-json\/wp\/v2\/types\/post"}],"author":[{"embeddable":true,"href":"https:\/\/4cantosalagoas.com.br\/portal\/wp-json\/wp\/v2\/users\/1"}],"replies":[{"embeddable":true,"href":"https:\/\/4cantosalagoas.com.br\/portal\/wp-json\/wp\/v2\/comments?post=7981"}],"version-history":[{"count":1,"href":"https:\/\/4cantosalagoas.com.br\/portal\/wp-json\/wp\/v2\/posts\/7981\/revisions"}],"predecessor-version":[{"id":7984,"href":"https:\/\/4cantosalagoas.com.br\/portal\/wp-json\/wp\/v2\/posts\/7981\/revisions\/7984"}],"wp:featuredmedia":[{"embeddable":true,"href":"https:\/\/4cantosalagoas.com.br\/portal\/wp-json\/wp\/v2\/media\/7982"}],"wp:attachment":[{"href":"https:\/\/4cantosalagoas.com.br\/portal\/wp-json\/wp\/v2\/media?parent=7981"}],"wp:term":[{"taxonomy":"category","embeddable":true,"href":"https:\/\/4cantosalagoas.com.br\/portal\/wp-json\/wp\/v2\/categories?post=7981"},{"taxonomy":"post_tag","embeddable":true,"href":"https:\/\/4cantosalagoas.com.br\/portal\/wp-json\/wp\/v2\/tags?post=7981"}],"curies":[{"name":"wp","href":"https:\/\/api.w.org\/{rel}","templated":true}]}}