{"id":7978,"date":"2019-07-11T11:30:45","date_gmt":"2019-07-11T14:30:45","guid":{"rendered":"http:\/\/4cantosalagoas.com.br\/portal\/?p=7978"},"modified":"2019-07-11T11:30:51","modified_gmt":"2019-07-11T14:30:51","slug":"militar-que-matou-esposa-e-indiciado-por-tentar-assassinar-filha","status":"publish","type":"post","link":"https:\/\/4cantosalagoas.com.br\/portal\/militar-que-matou-esposa-e-indiciado-por-tentar-assassinar-filha\/","title":{"rendered":"Militar que matou esposa \u00e9 indiciado por tentar assassinar filha"},"content":{"rendered":"\n<figure class=\"wp-block-image\"><img fetchpriority=\"high\" decoding=\"async\" width=\"1040\" height=\"780\" src=\"https:\/\/i0.wp.com\/4cantosalagoas.com.br\/portal\/wp-content\/uploads\/2019\/07\/dav.jpg?fit=1024%2C768\" alt=\"\" class=\"wp-image-7979\" srcset=\"https:\/\/4cantosalagoas.com.br\/portal\/wp-content\/uploads\/2019\/07\/dav.jpg 1040w, https:\/\/4cantosalagoas.com.br\/portal\/wp-content\/uploads\/2019\/07\/dav-300x225.jpg 300w, https:\/\/4cantosalagoas.com.br\/portal\/wp-content\/uploads\/2019\/07\/dav-768x576.jpg 768w, https:\/\/4cantosalagoas.com.br\/portal\/wp-content\/uploads\/2019\/07\/dav-1024x768.jpg 1024w\" sizes=\"(max-width: 1040px) 100vw, 1040px\" \/><figcaption> <br><em>Delegado Robervaldo Davino<\/em> <\/figcaption><\/figure>\n\n\n\n<p>O cabo PM Ivan Augusto dos Santos J\u00fanior, de 44 anos, que assassinou a esposa Expedita da Silva, 37 anos, com sete tiros de pistola, foi indiciado em novo inqu\u00e9rito.<\/p>\n\n\n\n<p>Desta vez, segundo o delegado Robervaldo Davino, do 6\u00ba Distrito da Capital, o militar \u00e9 acusado de tentar matar a filha, ent\u00e3o com 18 anos, Luana Cristina Silva Santos, jogando o carro contra ela, em 1\u00ba de agosto de 2017.<\/p>\n\n\n\n<p>Ambos os crimes, tipificados respectivamente como feminic\u00eddio e tentativa de feminic\u00eddio, aconteceram no condom\u00ednio Costa Norte, situado na Avenida Jos\u00e9 Airton Godim Lamenha, no bairro S\u00e3o Jorge, onde acusado e v\u00edtimas residiam.<\/p>\n\n\n\n<p>Al\u00e9m destes, Ivan Augusto tamb\u00e9m responde por maus-tratos contra uma filha menor, de apenas 13 anos, que assistiu o atentado contra a m\u00e3e, ocorrido em 19 de janeiro do ano passado. Neste caso, ele foi indiciado pela delegada Adriana Gusm\u00e3o, titular da Delegacia dos Crimes contra a Crian\u00e7a e o Adolescente.<\/p>\n\n\n\n<p>O delegado Davino explica que, inicialmente, o cabo PM foi indiciado pelo feminic\u00eddio contra a esposa, com quem era casado h\u00e1 20 anos, e em quem atirou por quest\u00f5es de ci\u00fames.<\/p>\n\n\n\n<p>\u201cDurante as investiga\u00e7\u00f5es, ficou evidenciado que o militar agredia com frequ\u00eancia a esposa e as duas filhas. Mas, a filha mais velha escondeu da pol\u00edcia o fato dele ter tentado mat\u00e1-la, jogando o carro contra ela\u201d, salientou o delegado.<\/p>\n\n\n\n<p>Quando o inqu\u00e9rito sobre os maus-tratos da filha mais nova chegou \u00e0 Justi\u00e7a, uma testemunha relatou a tentativa de feminic\u00eddio e novas investiga\u00e7\u00f5es foram abertas.<\/p>\n\n\n\n<p>O crime ficou confirmado, e teria sido praticado porque a jovem Luana estava gr\u00e1vida de um rapaz que o militar discordava do relacionamento.<\/p>\n\n\n\n<p>O cabo PM est\u00e1 atualmente recolhido no pres\u00eddio militar em Macei\u00f3.<\/p>\n\n\n\n<p>Assessoria<\/p>\n","protected":false},"excerpt":{"rendered":"<p>O cabo PM Ivan Augusto dos Santos J\u00fanior, de 44 anos, que assassinou a esposa Expedita da<\/p>\n","protected":false},"author":1,"featured_media":7979,"comment_status":"open","ping_status":"open","sticky":false,"template":"","format":"standard","meta":{"footnotes":""},"categories":[11],"tags":[],"class_list":["post-7978","post","type-post","status-publish","format-standard","has-post-thumbnail","hentry","category-policia"],"_links":{"self":[{"href":"https:\/\/4cantosalagoas.com.br\/portal\/wp-json\/wp\/v2\/posts\/7978","targetHints":{"allow":["GET"]}}],"collection":[{"href":"https:\/\/4cantosalagoas.com.br\/portal\/wp-json\/wp\/v2\/posts"}],"about":[{"href":"https:\/\/4cantosalagoas.com.br\/portal\/wp-json\/wp\/v2\/types\/post"}],"author":[{"embeddable":true,"href":"https:\/\/4cantosalagoas.com.br\/portal\/wp-json\/wp\/v2\/users\/1"}],"replies":[{"embeddable":true,"href":"https:\/\/4cantosalagoas.com.br\/portal\/wp-json\/wp\/v2\/comments?post=7978"}],"version-history":[{"count":1,"href":"https:\/\/4cantosalagoas.com.br\/portal\/wp-json\/wp\/v2\/posts\/7978\/revisions"}],"predecessor-version":[{"id":7980,"href":"https:\/\/4cantosalagoas.com.br\/portal\/wp-json\/wp\/v2\/posts\/7978\/revisions\/7980"}],"wp:featuredmedia":[{"embeddable":true,"href":"https:\/\/4cantosalagoas.com.br\/portal\/wp-json\/wp\/v2\/media\/7979"}],"wp:attachment":[{"href":"https:\/\/4cantosalagoas.com.br\/portal\/wp-json\/wp\/v2\/media?parent=7978"}],"wp:term":[{"taxonomy":"category","embeddable":true,"href":"https:\/\/4cantosalagoas.com.br\/portal\/wp-json\/wp\/v2\/categories?post=7978"},{"taxonomy":"post_tag","embeddable":true,"href":"https:\/\/4cantosalagoas.com.br\/portal\/wp-json\/wp\/v2\/tags?post=7978"}],"curies":[{"name":"wp","href":"https:\/\/api.w.org\/{rel}","templated":true}]}}