{"id":7975,"date":"2019-07-11T11:18:54","date_gmt":"2019-07-11T14:18:54","guid":{"rendered":"http:\/\/4cantosalagoas.com.br\/portal\/?p=7975"},"modified":"2019-07-11T11:19:05","modified_gmt":"2019-07-11T14:19:05","slug":"cadastramento-no-mutange-nota-de-esclarecimento","status":"publish","type":"post","link":"https:\/\/4cantosalagoas.com.br\/portal\/cadastramento-no-mutange-nota-de-esclarecimento\/","title":{"rendered":"Cadastramento no Mutange: nota de esclarecimento"},"content":{"rendered":"\n<figure class=\"wp-block-image\"><img fetchpriority=\"high\" decoding=\"async\" width=\"1024\" height=\"683\" src=\"https:\/\/i0.wp.com\/4cantosalagoas.com.br\/portal\/wp-content\/uploads\/2019\/07\/debe.jpg?fit=1024%2C683\" alt=\"\" class=\"wp-image-7976\" srcset=\"https:\/\/4cantosalagoas.com.br\/portal\/wp-content\/uploads\/2019\/07\/debe.jpg 1024w, https:\/\/4cantosalagoas.com.br\/portal\/wp-content\/uploads\/2019\/07\/debe-300x200.jpg 300w, https:\/\/4cantosalagoas.com.br\/portal\/wp-content\/uploads\/2019\/07\/debe-768x512.jpg 768w\" sizes=\"(max-width: 1024px) 100vw, 1024px\" \/><figcaption> <br>O bairro do Mutange est\u00e1 sendo monitorado pela Defesa Civil de Macei\u00f3. Foto: Pei Fon \/ Secom Macei\u00f3 <\/figcaption><\/figure>\n\n\n\n<p>Nesta quinta-feira, dia 11 de julho, ser\u00e3o cadastrados os moradores da Rua Major C\u00edcero de G\u00f3es Monteiro, e n\u00e3o Clementino do Monte, como foi anunciado.<\/p>\n\n\n\n<p>O c\u00f3digo do levantamento populacional identificado por&nbsp;<strong>CM<\/strong>&nbsp;na parede das casas refere-se \u00e0 Rua Major C\u00edcero de G\u00f3es Monteiro, no Mutange. O atendimento para moradores das Ruas S\u00e3o Jos\u00e9 e Vila Nova tamb\u00e9m segue normalmente.<\/p>\n\n\n\n<p>O atendimento \u00e9 das 9h \u00e0s 15h, na Escola Municipal Ed\u00e9cio Lopes, localizada na Rua Pedro Suruagy \u2013 antiga Ant\u00f4nio Proc\u00f3pio, no Pinheiro, e vai at\u00e9 o dia 17 de julho, incluindo o s\u00e1bado (13) e o domingo (14).<\/p>\n\n\n\n<p>O cadastro \u00e9 organizado por rua, e para manter o fluxo de atendimento, s\u00f3 ser\u00e3o atendidos os moradores das localidades agendadas para cada dia.&nbsp;Para mais informa\u00e7\u00f5es visite o site&nbsp;<a href=\"http:\/\/www.maceio.al.gov.br\/\">www.maceio.al.gov.br<\/a>.<\/p>\n\n\n\n<p>Secom Macei\u00f3<\/p>\n","protected":false},"excerpt":{"rendered":"<p>Nesta quinta-feira, dia 11 de julho, ser\u00e3o cadastrados os moradores da Rua Major C\u00edcero de G\u00f3es Monteiro,<\/p>\n","protected":false},"author":1,"featured_media":7976,"comment_status":"open","ping_status":"open","sticky":false,"template":"","format":"standard","meta":{"footnotes":""},"categories":[5],"tags":[],"class_list":["post-7975","post","type-post","status-publish","format-standard","has-post-thumbnail","hentry","category-maceio"],"_links":{"self":[{"href":"https:\/\/4cantosalagoas.com.br\/portal\/wp-json\/wp\/v2\/posts\/7975","targetHints":{"allow":["GET"]}}],"collection":[{"href":"https:\/\/4cantosalagoas.com.br\/portal\/wp-json\/wp\/v2\/posts"}],"about":[{"href":"https:\/\/4cantosalagoas.com.br\/portal\/wp-json\/wp\/v2\/types\/post"}],"author":[{"embeddable":true,"href":"https:\/\/4cantosalagoas.com.br\/portal\/wp-json\/wp\/v2\/users\/1"}],"replies":[{"embeddable":true,"href":"https:\/\/4cantosalagoas.com.br\/portal\/wp-json\/wp\/v2\/comments?post=7975"}],"version-history":[{"count":1,"href":"https:\/\/4cantosalagoas.com.br\/portal\/wp-json\/wp\/v2\/posts\/7975\/revisions"}],"predecessor-version":[{"id":7977,"href":"https:\/\/4cantosalagoas.com.br\/portal\/wp-json\/wp\/v2\/posts\/7975\/revisions\/7977"}],"wp:featuredmedia":[{"embeddable":true,"href":"https:\/\/4cantosalagoas.com.br\/portal\/wp-json\/wp\/v2\/media\/7976"}],"wp:attachment":[{"href":"https:\/\/4cantosalagoas.com.br\/portal\/wp-json\/wp\/v2\/media?parent=7975"}],"wp:term":[{"taxonomy":"category","embeddable":true,"href":"https:\/\/4cantosalagoas.com.br\/portal\/wp-json\/wp\/v2\/categories?post=7975"},{"taxonomy":"post_tag","embeddable":true,"href":"https:\/\/4cantosalagoas.com.br\/portal\/wp-json\/wp\/v2\/tags?post=7975"}],"curies":[{"name":"wp","href":"https:\/\/api.w.org\/{rel}","templated":true}]}}