{"id":7972,"date":"2019-07-11T07:41:28","date_gmt":"2019-07-11T10:41:28","guid":{"rendered":"http:\/\/4cantosalagoas.com.br\/portal\/?p=7972"},"modified":"2019-07-11T07:41:38","modified_gmt":"2019-07-11T10:41:38","slug":"prefeitura-lanca-edital-do-audiovisual-nesta-quinta-feira","status":"publish","type":"post","link":"https:\/\/4cantosalagoas.com.br\/portal\/prefeitura-lanca-edital-do-audiovisual-nesta-quinta-feira\/","title":{"rendered":"Prefeitura lan\u00e7a Edital do Audiovisual nesta quinta-feira"},"content":{"rendered":"\n<figure class=\"wp-block-image\"><img fetchpriority=\"high\" decoding=\"async\" width=\"1024\" height=\"683\" src=\"https:\/\/i2.wp.com\/4cantosalagoas.com.br\/portal\/wp-content\/uploads\/2019\/07\/quays6.jpg?fit=1024%2C683\" alt=\"\" class=\"wp-image-7973\" srcset=\"https:\/\/4cantosalagoas.com.br\/portal\/wp-content\/uploads\/2019\/07\/quays6.jpg 1024w, https:\/\/4cantosalagoas.com.br\/portal\/wp-content\/uploads\/2019\/07\/quays6-300x200.jpg 300w, https:\/\/4cantosalagoas.com.br\/portal\/wp-content\/uploads\/2019\/07\/quays6-768x512.jpg 768w\" sizes=\"(max-width: 1024px) 100vw, 1024px\" \/><figcaption>Assessoria<\/figcaption><\/figure>\n\n\n\n<p>A Prefeitura de Macei\u00f3, por meio da Funda\u00e7\u00e3o Municipal de A\u00e7\u00e3o Cultural (Fmac), lan\u00e7a nesta quinta-feira (11), a partir das 8h30, o Edital do Audiovisual \u2013 Macei\u00f3 2019, iniciativa que ir\u00e1 destinar ao segmento R$ 6 milh\u00f5es a partir de uma parceria com a Ag\u00eancia Nacional de Cinema (Ancine). O evento, que ser\u00e1 realizado no Jati\u00faca Hotel &amp; Resort, contar\u00e1 com a presen\u00e7a prefeito Rui Palmeira e do cineasta alagoano Cac\u00e1 Diegues.<\/p>\n\n\n\n<p>Com o edital, a Funda\u00e7\u00e3o ir\u00e1 viabilizar a produ\u00e7\u00e3o de 12 curtas-metragens, tr\u00eas longas-metragens, tr\u00eas festivais nacionais de cinema, oito cineclubes e tr\u00eas telefilmes, al\u00e9m de garantir a\u00e7\u00f5es de capacita\u00e7\u00e3o voltadas ao segmento.<\/p>\n\n\n\n<p>De acordo com o presidente da Fmac, Vinicius Palmeira, esse ser\u00e1 o maior investimento da hist\u00f3ria da produ\u00e7\u00e3o cinematogr\u00e1fica de Macei\u00f3. \u201cIremos melhorar tanto em quantidade quanto em qualidade a nossa produ\u00e7\u00e3o audiovisual. \u00c9 o pr\u00f3prio desenvolvimento do setor acontecendo em nossa cidade e isso ser\u00e1 poss\u00edvel porque criamos uma ambi\u00eancia favor\u00e1vel dentro da cena do audiovisual de Macei\u00f3\u201d, disse.<\/p>\n\n\n\n<p>O lan\u00e7amento do edital tamb\u00e9m ir\u00e1 contar com a participa\u00e7\u00e3odo presidente da Fmac, Vinicius Palmeira, do secret\u00e1rio municipal de Economia, Fellipe Mamede, e do presidente do Conselho Municipal de Pol\u00edticas Culturais (CMPC), Felipe Guimar\u00e3es.<\/p>\n\n\n\n<p>Robson Muller\/ Ascom Fmac<\/p>\n","protected":false},"excerpt":{"rendered":"<p>A Prefeitura de Macei\u00f3, por meio da Funda\u00e7\u00e3o Municipal de A\u00e7\u00e3o Cultural (Fmac), lan\u00e7a nesta quinta-feira (11),<\/p>\n","protected":false},"author":1,"featured_media":7973,"comment_status":"open","ping_status":"open","sticky":false,"template":"","format":"standard","meta":{"footnotes":""},"categories":[60],"tags":[],"class_list":["post-7972","post","type-post","status-publish","format-standard","has-post-thumbnail","hentry","category-capa"],"_links":{"self":[{"href":"https:\/\/4cantosalagoas.com.br\/portal\/wp-json\/wp\/v2\/posts\/7972","targetHints":{"allow":["GET"]}}],"collection":[{"href":"https:\/\/4cantosalagoas.com.br\/portal\/wp-json\/wp\/v2\/posts"}],"about":[{"href":"https:\/\/4cantosalagoas.com.br\/portal\/wp-json\/wp\/v2\/types\/post"}],"author":[{"embeddable":true,"href":"https:\/\/4cantosalagoas.com.br\/portal\/wp-json\/wp\/v2\/users\/1"}],"replies":[{"embeddable":true,"href":"https:\/\/4cantosalagoas.com.br\/portal\/wp-json\/wp\/v2\/comments?post=7972"}],"version-history":[{"count":1,"href":"https:\/\/4cantosalagoas.com.br\/portal\/wp-json\/wp\/v2\/posts\/7972\/revisions"}],"predecessor-version":[{"id":7974,"href":"https:\/\/4cantosalagoas.com.br\/portal\/wp-json\/wp\/v2\/posts\/7972\/revisions\/7974"}],"wp:featuredmedia":[{"embeddable":true,"href":"https:\/\/4cantosalagoas.com.br\/portal\/wp-json\/wp\/v2\/media\/7973"}],"wp:attachment":[{"href":"https:\/\/4cantosalagoas.com.br\/portal\/wp-json\/wp\/v2\/media?parent=7972"}],"wp:term":[{"taxonomy":"category","embeddable":true,"href":"https:\/\/4cantosalagoas.com.br\/portal\/wp-json\/wp\/v2\/categories?post=7972"},{"taxonomy":"post_tag","embeddable":true,"href":"https:\/\/4cantosalagoas.com.br\/portal\/wp-json\/wp\/v2\/tags?post=7972"}],"curies":[{"name":"wp","href":"https:\/\/api.w.org\/{rel}","templated":true}]}}