{"id":7926,"date":"2019-07-06T15:23:00","date_gmt":"2019-07-06T18:23:00","guid":{"rendered":"http:\/\/4cantosalagoas.com.br\/portal\/?p=7926"},"modified":"2019-07-06T15:23:09","modified_gmt":"2019-07-06T18:23:09","slug":"procon-aponta-queda-de-3-no-preco-da-cesta-basica","status":"publish","type":"post","link":"https:\/\/4cantosalagoas.com.br\/portal\/procon-aponta-queda-de-3-no-preco-da-cesta-basica\/","title":{"rendered":"Procon aponta queda de 3% no pre\u00e7o da cesta b\u00e1sica"},"content":{"rendered":"\n<figure class=\"wp-block-image\"><img fetchpriority=\"high\" decoding=\"async\" width=\"976\" height=\"758\" src=\"http:\/\/4cantosalagoas.com.br\/portal\/wp-content\/uploads\/2019\/07\/basica.jpg\" alt=\"\" class=\"wp-image-7927\" srcset=\"https:\/\/4cantosalagoas.com.br\/portal\/wp-content\/uploads\/2019\/07\/basica.jpg 976w, https:\/\/4cantosalagoas.com.br\/portal\/wp-content\/uploads\/2019\/07\/basica-300x233.jpg 300w, https:\/\/4cantosalagoas.com.br\/portal\/wp-content\/uploads\/2019\/07\/basica-768x596.jpg 768w\" sizes=\"(max-width: 976px) 100vw, 976px\" \/><figcaption> <br>Pesquisa aponta queda de 3% na cesta b\u00e1sica completa. Foto: Secom Macei\u00f3 <\/figcaption><\/figure>\n\n\n\n<p>O pre\u00e7o da cesta b\u00e1sica completa em Macei\u00f3 caiu 3% em junho, em rela\u00e7\u00e3o ao m\u00eas de maio, segundo levantamento do Procon Macei\u00f3. De acordo com a pesquisa, o pre\u00e7o m\u00e9dio da cesta no m\u00eas passado foi de R$ 47,84. Os pre\u00e7os dos 14 itens presentes na cesta b\u00e1sica foram pesquisados separadamente. Cerca de oito produtos sofreram redu\u00e7\u00e3o nos pre\u00e7os, a exemplo do arroz, que custa em m\u00e9dia R$ 2,94 (- R$ 0,87), e a farinha de mandioca, com m\u00e9dia de R$ 3,98 (- R$ 0,24).<\/p>\n\n\n\n<p>J\u00e1 outros cinco apresentaram aumento em rela\u00e7\u00e3o ao m\u00eas de maio, como o feij\u00e3o, que passou de R$ 6,39 para R$ 6,48, e o caf\u00e9, que subiu de R$ 4,62 e para R$ 5,98, em m\u00e9dia.<\/p>\n\n\n\n<p>\u201c\u00c9 sempre importante ressaltar que o consumidor deve realizar pesquisa de pre\u00e7os dos produtos antes de realizar a compra, para obter mais economia e evitar gastos excessivos que possam comprometer sua renda mensal\u201d, afirma diretor-executivo do Procon Macei\u00f3, Leandro Almeida.<\/p>\n\n\n\n<p>O Procon Macei\u00f3 tamb\u00e9m realiza todos os meses a\u00e7\u00f5es para verificar poss\u00edveis irregularidades na comercializa\u00e7\u00e3o de produtos na capital, al\u00e9m de fiscalizar den\u00fancias feitas pelos consumidores.<\/p>\n\n\n\n<p>Caso o consumidor queira fazer den\u00fancias ou solicitar mais informa\u00e7\u00f5es, pode entrar em contato com o Procon Macei\u00f3 atrav\u00e9s dos n\u00fameros 0800 082 4567 ou 98882-8326 (WhatsApp).<\/p>\n\n\n\n<p>Confira a pesquisa completa&nbsp;<a href=\"http:\/\/www.maceio.al.gov.br\/wp-content\/uploads\/2019\/07\/xlsx\/2019\/07\/CB-JUNHO.xlsx\">aqui<\/a>.<\/p>\n\n\n\n<p><br><\/p>\n","protected":false},"excerpt":{"rendered":"<p>O pre\u00e7o da cesta b\u00e1sica completa em Macei\u00f3 caiu 3% em junho, em rela\u00e7\u00e3o ao m\u00eas de<\/p>\n","protected":false},"author":1,"featured_media":7927,"comment_status":"open","ping_status":"open","sticky":false,"template":"","format":"standard","meta":{"footnotes":""},"categories":[60],"tags":[],"class_list":["post-7926","post","type-post","status-publish","format-standard","has-post-thumbnail","hentry","category-capa"],"_links":{"self":[{"href":"https:\/\/4cantosalagoas.com.br\/portal\/wp-json\/wp\/v2\/posts\/7926","targetHints":{"allow":["GET"]}}],"collection":[{"href":"https:\/\/4cantosalagoas.com.br\/portal\/wp-json\/wp\/v2\/posts"}],"about":[{"href":"https:\/\/4cantosalagoas.com.br\/portal\/wp-json\/wp\/v2\/types\/post"}],"author":[{"embeddable":true,"href":"https:\/\/4cantosalagoas.com.br\/portal\/wp-json\/wp\/v2\/users\/1"}],"replies":[{"embeddable":true,"href":"https:\/\/4cantosalagoas.com.br\/portal\/wp-json\/wp\/v2\/comments?post=7926"}],"version-history":[{"count":1,"href":"https:\/\/4cantosalagoas.com.br\/portal\/wp-json\/wp\/v2\/posts\/7926\/revisions"}],"predecessor-version":[{"id":7928,"href":"https:\/\/4cantosalagoas.com.br\/portal\/wp-json\/wp\/v2\/posts\/7926\/revisions\/7928"}],"wp:featuredmedia":[{"embeddable":true,"href":"https:\/\/4cantosalagoas.com.br\/portal\/wp-json\/wp\/v2\/media\/7927"}],"wp:attachment":[{"href":"https:\/\/4cantosalagoas.com.br\/portal\/wp-json\/wp\/v2\/media?parent=7926"}],"wp:term":[{"taxonomy":"category","embeddable":true,"href":"https:\/\/4cantosalagoas.com.br\/portal\/wp-json\/wp\/v2\/categories?post=7926"},{"taxonomy":"post_tag","embeddable":true,"href":"https:\/\/4cantosalagoas.com.br\/portal\/wp-json\/wp\/v2\/tags?post=7926"}],"curies":[{"name":"wp","href":"https:\/\/api.w.org\/{rel}","templated":true}]}}