{"id":7923,"date":"2019-07-06T15:19:32","date_gmt":"2019-07-06T18:19:32","guid":{"rendered":"http:\/\/4cantosalagoas.com.br\/portal\/?p=7923"},"modified":"2019-07-06T15:19:40","modified_gmt":"2019-07-06T18:19:40","slug":"em-dois-anos-domingo-e-meia-registra-340-mil-utilizacoes","status":"publish","type":"post","link":"https:\/\/4cantosalagoas.com.br\/portal\/em-dois-anos-domingo-e-meia-registra-340-mil-utilizacoes\/","title":{"rendered":"Em dois anos, Domingo \u00e9 Meia registra 340 mil utiliza\u00e7\u00f5es"},"content":{"rendered":"\n<figure class=\"wp-block-image\"><img fetchpriority=\"high\" decoding=\"async\" width=\"1024\" height=\"683\" src=\"https:\/\/i0.wp.com\/4cantosalagoas.com.br\/portal\/wp-content\/uploads\/2019\/07\/aacbbacb.jpg?fit=1024%2C683\" alt=\"\" class=\"wp-image-7924\" srcset=\"https:\/\/4cantosalagoas.com.br\/portal\/wp-content\/uploads\/2019\/07\/aacbbacb.jpg 1024w, https:\/\/4cantosalagoas.com.br\/portal\/wp-content\/uploads\/2019\/07\/aacbbacb-300x200.jpg 300w, https:\/\/4cantosalagoas.com.br\/portal\/wp-content\/uploads\/2019\/07\/aacbbacb-768x512.jpg 768w\" sizes=\"(max-width: 1024px) 100vw, 1024px\" \/><figcaption>Assessoria<\/figcaption><\/figure>\n\n\n\n<p>O projeto Domingo \u00e9 Meia, criado pela Superintend\u00eancia Municipal de Transportes e Tr\u00e2nsito (SMTT), j\u00e1 contabilizou cerca de 340 mil usos desde que foi efetivamente implantado, h\u00e1 dois anos. O benef\u00edcio, que \u00e9 exclusivo para quem utiliza o Cart\u00e3o Bem Legal Cidad\u00e3o, permite que os usu\u00e1rios dos \u00f4nibus urbanos da capital paguem metade da tarifa aos domingos.<\/p>\n\n\n\n<figure class=\"wp-block-image\"><img decoding=\"async\" src=\"http:\/\/www.maceio.al.gov.br\/wp-content\/uploads\/2019\/07\/jpeg\/2019\/07\/Waldete-Siqueira-usu%C3%A1ria-do-SIMM-1024x768.jpeg\" alt=\"\" class=\"wp-image-310688\"\/><\/figure>\n\n\n\n<p>Waldete Siqueira possui o Cart\u00e3o Bem Legal Cidad\u00e3o e aproveita o benef\u00edcio do Domingo \u00e9 Meia. Foto: Ascom SMTT<\/p>\n\n\n\n<p>Dona Waldete Siqueira utiliza o transporte p\u00fablico diariamente para ir ao trabalho. Para ela, o Domingo \u00e9 Meia \u00e9 mais um incentivo que as pessoas t\u00eam para aproveitar a cidade aos finais de semana. \u201cEu j\u00e1 tinha o Cart\u00e3o Bem Legal Cidad\u00e3o, e quando o Domingo \u00e9 Meia come\u00e7ou a funcionar, aproveitei para utiliz\u00e1-lo mais para sair e me divertir com a fam\u00edlia aos finais de semana. Sempre que d\u00e1, vamos \u00e0 praia ou ao shopping aos domingos pagando apenas metade da passagem. Isso \u00e9 muito bom porque no final do m\u00eas ainda d\u00e1 para economizar um pouco\u201d, afirma.<\/p>\n\n\n\n<p>Para desfrutar do Domingo \u00e9 Meia, \u00e9 necess\u00e1rio que o passageiro possua um Cart\u00e3o Bem Legal Cidad\u00e3o em m\u00e3os na hora de realizar o embarque. Outra vantagem deste benef\u00edcio \u00e9 que n\u00e3o h\u00e1 limite para o uso do servi\u00e7o, j\u00e1 que atrav\u00e9s da bilhetagem eletr\u00f4nica o usu\u00e1rio poder\u00e1 utilizar o recurso quantas vezes precisar aos domingos, pagando sempre a metade da tarifa.<\/p>\n\n\n\n<figure class=\"wp-block-image\"><img decoding=\"async\" src=\"http:\/\/www.maceio.al.gov.br\/wp-content\/uploads\/2019\/05\/jpeg\/2019\/05\/Ant%C3%B4nio-Moura-Foto-Pei-Fon-Secom-Macei%C3%B3-1024x682.jpeg\" alt=\"\" class=\"wp-image-304253\"\/><\/figure>\n\n\n\n<p>Ant\u00f4nio Moura, gestor da SMTT, fala sobre os benef\u00edcios do Domingo \u00e9 Meia. Foto: Pei Fon\/ Secom Macei\u00f3<\/p>\n\n\n\n<p>\u201cEste n\u00famero de 340 mil utiliza\u00e7\u00f5es do projeto Domingo \u00e9 Meia mostra o quanto ele \u00e9 vantajoso para a popula\u00e7\u00e3o. Com este benef\u00edcio, as pessoas conseguem economizar e aproveitar ainda mais as op\u00e7\u00f5es de lazer dispon\u00edveis na cidade aos finais de semana, j\u00e1 que s\u00f3 pagam metade da tarifa usando o Cart\u00e3o Bem Legal Cidad\u00e3o. \u00c9 importante destacar que a SMTT sempre elabora projetos que t\u00eam como objetivo proporcionar mais qualidade para o transporte coletivo da capital e o bem-estar dos passageiros que utilizam os \u00f4nibus\u201d, declara o gestor da SMTT de Macei\u00f3, Ant\u00f4nio Moura.<\/p>\n\n\n\n<p><strong>Outros benef\u00edcios da bilhetagem eletr\u00f4nica<\/strong><\/p>\n\n\n\n<figure class=\"wp-block-image\"><img decoding=\"async\" src=\"http:\/\/www.maceio.al.gov.br\/wp-content\/uploads\/2018\/08\/jpg\/2018\/08\/02082018-Onibus-abrigo-PF-0005-1024x683.jpg\" alt=\"\" class=\"wp-image-259591\"\/><\/figure>\n\n\n\n<p>Viagens semiexpresas e integra\u00e7\u00e3o temporal s\u00e3o outros benef\u00edcios ofertados para quem possui a bilhetagem eletr\u00f4nica. Foto: Pei Fon\/ Secom Macei\u00f3<\/p>\n\n\n\n<p>Al\u00e9m de usufruir o benef\u00edcio do Domingo \u00e9 Meia, o usu\u00e1rio do Sistema Integrado de Mobilidade de Macei\u00f3 (SIMM) que possui o Cart\u00e3o Bem Legal Cidad\u00e3o tamb\u00e9m pode aproveitar diversas outas vantagens ofertadas pela Prefeitura. Uma delas \u00e9 a integra\u00e7\u00e3o temporal, em que o passageiro pode embarcar em at\u00e9 dois \u00f4nibus pagando apenas uma passagem num per\u00edodo de 90 minutos. Com a bilhetagem eletr\u00f4nica, a popula\u00e7\u00e3o tamb\u00e9m pode desfrutar ainda das viagens semiexpressas, em que o n\u00famero de paradas durante o seu percurso \u00e9 menor.<\/p>\n\n\n\n<p><strong>Como emitir o Cart\u00e3o Bem Legal Cidad\u00e3o<\/strong><\/p>\n\n\n\n<figure class=\"wp-block-image\"><img decoding=\"async\" src=\"http:\/\/www.maceio.al.gov.br\/wp-content\/uploads\/2019\/06\/jpg\/2019\/06\/08062019-Cartao-Bem-Legal-PF-0009-1024x683.jpg\" alt=\"\" class=\"wp-image-306974\"\/><\/figure>\n\n\n\n<p>Para usufruir do Domingo \u00e9 Meia, o passageiro deve ter em m\u00e3os na hora do embarque o Cart\u00e3o Bem Legal Cidad\u00e3o. Foto: Pei Fon\/ Secom Macei\u00f3<\/p>\n\n\n\n<p>Para obter o Cart\u00e3o Bem Legal Cidad\u00e3o \u00e9 necess\u00e1rio que o maceioense apresente os originais do RG e CPF. O bilhete eletr\u00f4nico pode ser emitido gratuitamente nos postos de atendimento \u00e0 popula\u00e7\u00e3o localizados na Rua Buarque de Macedo, no Centro, na entrada do Conjunto Cleto Marques Luz, no bairro do Tabuleiro do Martins, na Central J\u00e1! do Macei\u00f3 Shopping, em Mangabeiras, e ainda nas a\u00e7\u00f5es itinerantes da SMTT realizadas nos bairros de Macei\u00f3.<\/p>\n\n\n\n<p>Ascom SMTT<\/p>\n","protected":false},"excerpt":{"rendered":"<p>O projeto Domingo \u00e9 Meia, criado pela Superintend\u00eancia Municipal de Transportes e Tr\u00e2nsito (SMTT), j\u00e1 contabilizou cerca<\/p>\n","protected":false},"author":1,"featured_media":7924,"comment_status":"open","ping_status":"open","sticky":false,"template":"","format":"standard","meta":{"footnotes":""},"categories":[5],"tags":[],"class_list":["post-7923","post","type-post","status-publish","format-standard","has-post-thumbnail","hentry","category-maceio"],"_links":{"self":[{"href":"https:\/\/4cantosalagoas.com.br\/portal\/wp-json\/wp\/v2\/posts\/7923","targetHints":{"allow":["GET"]}}],"collection":[{"href":"https:\/\/4cantosalagoas.com.br\/portal\/wp-json\/wp\/v2\/posts"}],"about":[{"href":"https:\/\/4cantosalagoas.com.br\/portal\/wp-json\/wp\/v2\/types\/post"}],"author":[{"embeddable":true,"href":"https:\/\/4cantosalagoas.com.br\/portal\/wp-json\/wp\/v2\/users\/1"}],"replies":[{"embeddable":true,"href":"https:\/\/4cantosalagoas.com.br\/portal\/wp-json\/wp\/v2\/comments?post=7923"}],"version-history":[{"count":1,"href":"https:\/\/4cantosalagoas.com.br\/portal\/wp-json\/wp\/v2\/posts\/7923\/revisions"}],"predecessor-version":[{"id":7925,"href":"https:\/\/4cantosalagoas.com.br\/portal\/wp-json\/wp\/v2\/posts\/7923\/revisions\/7925"}],"wp:featuredmedia":[{"embeddable":true,"href":"https:\/\/4cantosalagoas.com.br\/portal\/wp-json\/wp\/v2\/media\/7924"}],"wp:attachment":[{"href":"https:\/\/4cantosalagoas.com.br\/portal\/wp-json\/wp\/v2\/media?parent=7923"}],"wp:term":[{"taxonomy":"category","embeddable":true,"href":"https:\/\/4cantosalagoas.com.br\/portal\/wp-json\/wp\/v2\/categories?post=7923"},{"taxonomy":"post_tag","embeddable":true,"href":"https:\/\/4cantosalagoas.com.br\/portal\/wp-json\/wp\/v2\/tags?post=7923"}],"curies":[{"name":"wp","href":"https:\/\/api.w.org\/{rel}","templated":true}]}}