{"id":7864,"date":"2019-06-28T07:38:55","date_gmt":"2019-06-28T10:38:55","guid":{"rendered":"http:\/\/4cantosalagoas.com.br\/portal\/?p=7864"},"modified":"2019-06-28T07:39:03","modified_gmt":"2019-06-28T10:39:03","slug":"hoje-tem-devinho-novaes-e-gleyson-nosso-xote-no-sao-joao-e-sao-pedro-e-sao-miguel","status":"publish","type":"post","link":"https:\/\/4cantosalagoas.com.br\/portal\/hoje-tem-devinho-novaes-e-gleyson-nosso-xote-no-sao-joao-e-sao-pedro-e-sao-miguel\/","title":{"rendered":"Hoje tem Devinho Novaes e Gleyson &#038; Nosso Xote no S\u00e3o Jo\u00e3o e S\u00e3o Pedro \u00e9 S\u00e3o Miguel"},"content":{"rendered":"\n<figure class=\"wp-block-image\"><img fetchpriority=\"high\" decoding=\"async\" width=\"307\" height=\"273\" src=\"http:\/\/4cantosalagoas.com.br\/portal\/wp-content\/uploads\/2019\/06\/festa.jpg\" alt=\"\" class=\"wp-image-7865\" srcset=\"https:\/\/4cantosalagoas.com.br\/portal\/wp-content\/uploads\/2019\/06\/festa.jpg 307w, https:\/\/4cantosalagoas.com.br\/portal\/wp-content\/uploads\/2019\/06\/festa-300x267.jpg 300w\" sizes=\"(max-width: 307px) 100vw, 307px\" \/><figcaption>Reprodu\u00e7\u00e3o<\/figcaption><\/figure>\n\n\n\n<p>\n\nDe volta a S\u00e3o Miguel dos Campos, o cantor sergipano Devinho Novaes se apresenta hoje (28) na pen\u00faltima noite de show do S\u00e3o Jo\u00e3o e S\u00e3o Pedro \u00e9 S\u00e3o Miguel. A festa ainda conta com o show de Gleyson &amp; Nosso Xote.<\/p>\n\n\n\n<p>Fen\u00f4meno por onde passa, Devinho leva na bagagem m\u00fasicas que n\u00e3o saem da boca do povo, entre elas seu maior sucesso, cantado em parceira com Wesley Safad\u00e3o, \u2018Al\u00f4 Dono no Bar\u2019. O \u2018Boyzinho\u2019, com tamb\u00e9m ficou conhecido, tem estilo pr\u00f3prio e tirou do arrocha eletr\u00f4nico seus grandes sucessos.<\/p>\n\n\n\n<p>Pen\u00faltima noite do S\u00e3o Jo\u00e3o e S\u00e3o Pedro \u00e9 S\u00e3o Miguel acontece com a reabertura da Vila do Forr\u00f3, com apresenta\u00e7\u00f5es de quadrilhas juninas e trio p\u00e9 de serra, a partir das 19 horas.<\/p>\n\n\n\n<p>Dia 29 a festa termina com mais Vila do Forr\u00f3, quadrilhas juninas, trio p\u00e9 de serra e shows de Lucas Lima e Samira Show. <\/p>\n\n\n\n<p>Fonte: Alagoasweb<\/p>\n","protected":false},"excerpt":{"rendered":"<p>De volta a S\u00e3o Miguel dos Campos, o cantor sergipano Devinho Novaes se apresenta hoje (28) na<\/p>\n","protected":false},"author":1,"featured_media":7865,"comment_status":"open","ping_status":"open","sticky":false,"template":"","format":"standard","meta":{"footnotes":""},"categories":[60],"tags":[],"class_list":["post-7864","post","type-post","status-publish","format-standard","has-post-thumbnail","hentry","category-capa"],"_links":{"self":[{"href":"https:\/\/4cantosalagoas.com.br\/portal\/wp-json\/wp\/v2\/posts\/7864","targetHints":{"allow":["GET"]}}],"collection":[{"href":"https:\/\/4cantosalagoas.com.br\/portal\/wp-json\/wp\/v2\/posts"}],"about":[{"href":"https:\/\/4cantosalagoas.com.br\/portal\/wp-json\/wp\/v2\/types\/post"}],"author":[{"embeddable":true,"href":"https:\/\/4cantosalagoas.com.br\/portal\/wp-json\/wp\/v2\/users\/1"}],"replies":[{"embeddable":true,"href":"https:\/\/4cantosalagoas.com.br\/portal\/wp-json\/wp\/v2\/comments?post=7864"}],"version-history":[{"count":1,"href":"https:\/\/4cantosalagoas.com.br\/portal\/wp-json\/wp\/v2\/posts\/7864\/revisions"}],"predecessor-version":[{"id":7866,"href":"https:\/\/4cantosalagoas.com.br\/portal\/wp-json\/wp\/v2\/posts\/7864\/revisions\/7866"}],"wp:featuredmedia":[{"embeddable":true,"href":"https:\/\/4cantosalagoas.com.br\/portal\/wp-json\/wp\/v2\/media\/7865"}],"wp:attachment":[{"href":"https:\/\/4cantosalagoas.com.br\/portal\/wp-json\/wp\/v2\/media?parent=7864"}],"wp:term":[{"taxonomy":"category","embeddable":true,"href":"https:\/\/4cantosalagoas.com.br\/portal\/wp-json\/wp\/v2\/categories?post=7864"},{"taxonomy":"post_tag","embeddable":true,"href":"https:\/\/4cantosalagoas.com.br\/portal\/wp-json\/wp\/v2\/tags?post=7864"}],"curies":[{"name":"wp","href":"https:\/\/api.w.org\/{rel}","templated":true}]}}