{"id":7850,"date":"2019-06-27T09:39:35","date_gmt":"2019-06-27T12:39:35","guid":{"rendered":"http:\/\/4cantosalagoas.com.br\/portal\/?p=7850"},"modified":"2019-06-27T10:14:47","modified_gmt":"2019-06-27T13:14:47","slug":"arraial-pe-de-serra-retorna-nesta-quarta-na-praca-marcilio-dias","status":"publish","type":"post","link":"https:\/\/4cantosalagoas.com.br\/portal\/arraial-pe-de-serra-retorna-nesta-quarta-na-praca-marcilio-dias\/","title":{"rendered":"Arraial P\u00e9 de Serra retorna nesta quarta na Pra\u00e7a Marc\u00edlio Dias"},"content":{"rendered":"\n<figure class=\"wp-block-image\"><img fetchpriority=\"high\" decoding=\"async\" width=\"1280\" height=\"854\" src=\"https:\/\/i2.wp.com\/4cantosalagoas.com.br\/portal\/wp-content\/uploads\/2019\/06\/abcs.jpeg?fit=1024%2C683\" alt=\"\" class=\"wp-image-7851\" srcset=\"https:\/\/4cantosalagoas.com.br\/portal\/wp-content\/uploads\/2019\/06\/abcs.jpeg 1280w, https:\/\/4cantosalagoas.com.br\/portal\/wp-content\/uploads\/2019\/06\/abcs-300x200.jpeg 300w, https:\/\/4cantosalagoas.com.br\/portal\/wp-content\/uploads\/2019\/06\/abcs-768x512.jpeg 768w, https:\/\/4cantosalagoas.com.br\/portal\/wp-content\/uploads\/2019\/06\/abcs-1024x683.jpeg 1024w\" sizes=\"(max-width: 1280px) 100vw, 1280px\" \/><figcaption> <br>Arraial P\u00e9 de Serra. Foto: Pei Fon\/ Secom Macei\u00f3 <\/figcaption><\/figure>\n\n\n\n<p>Depois de uma breve pausa, a programa\u00e7\u00e3o do Arraial P\u00e9 de Serra, instalado na Pra\u00e7a Marc\u00edlio Dias, em Jaragu\u00e1, retorna nesta quarta-feira (26), a partir das 20h. O palco alternativo do S\u00e3o Jo\u00e3o de Macei\u00f3 tem atra\u00eddo muita gente desde a semana passada e ter\u00e1 a programa\u00e7\u00e3o estendida at\u00e9 o pr\u00f3ximo s\u00e1bado (29).<\/p>\n\n\n\n<p>Logo mais \u00e0 noite, o Arraial P\u00e9 de Serra ir\u00e1 receber as atra\u00e7\u00f5es Val Horrana, Z\u00e9 do Brejo e Chau do Pife. Todas as atra\u00e7\u00f5es foram selecionadas por meio de uma chamada p\u00fablica lan\u00e7ada pela Funda\u00e7\u00e3o Municipal de A\u00e7\u00e3o Cultural (FMAC) para compor a programa\u00e7\u00e3o dos festejos juninos da capital.<\/p>\n\n\n\n<figure class=\"wp-block-image\"><a href=\"http:\/\/www.maceio.al.gov.br\/wp-content\/uploads\/2019\/06\/jpeg\/2019\/06\/WhatsApp-Image-2019-06-23-at-13.35.23.jpeg\"><img decoding=\"async\" src=\"http:\/\/www.maceio.al.gov.br\/wp-content\/uploads\/2019\/06\/jpeg\/2019\/06\/WhatsApp-Image-2019-06-23-at-13.35.23-1024x683.jpeg\" alt=\"\" class=\"wp-image-309647\"\/><\/a><\/figure>\n\n\n\n<p>Arraial P\u00e9 de Serra. Foto: Pei Fon \/ Secom Macei\u00f3<\/p>\n\n\n\n<p>A programa\u00e7\u00e3o do Arraial Central, instalado no estacionamento do Jaragu\u00e1, retorna na pr\u00f3xima sexta-feira (28) e no s\u00e1bado (29), a partir das 21h. No palco principal, al\u00e9m das atra\u00e7\u00f5es locais, se apresentam Fl\u00e1vio Jos\u00e9, Batista Lima e Eliane.<\/p>\n\n\n\n<p>Confira&nbsp;<a href=\"http:\/\/www.maceio.al.gov.br\/fmac\/sao-joao-de-maceio-2019\/\"><strong>aqui<\/strong><\/a>&nbsp;a programa\u00e7\u00e3o completa do S\u00e3o Jo\u00e3o 2019.<\/p>\n\n\n\n<p>Robson Muller\/ Ascom FMAC<\/p>\n","protected":false},"excerpt":{"rendered":"<p>Depois de uma breve pausa, a programa\u00e7\u00e3o do Arraial P\u00e9 de Serra, instalado na Pra\u00e7a Marc\u00edlio Dias,<\/p>\n","protected":false},"author":1,"featured_media":7851,"comment_status":"open","ping_status":"open","sticky":false,"template":"","format":"standard","meta":{"footnotes":""},"categories":[60],"tags":[],"class_list":["post-7850","post","type-post","status-publish","format-standard","has-post-thumbnail","hentry","category-capa"],"_links":{"self":[{"href":"https:\/\/4cantosalagoas.com.br\/portal\/wp-json\/wp\/v2\/posts\/7850","targetHints":{"allow":["GET"]}}],"collection":[{"href":"https:\/\/4cantosalagoas.com.br\/portal\/wp-json\/wp\/v2\/posts"}],"about":[{"href":"https:\/\/4cantosalagoas.com.br\/portal\/wp-json\/wp\/v2\/types\/post"}],"author":[{"embeddable":true,"href":"https:\/\/4cantosalagoas.com.br\/portal\/wp-json\/wp\/v2\/users\/1"}],"replies":[{"embeddable":true,"href":"https:\/\/4cantosalagoas.com.br\/portal\/wp-json\/wp\/v2\/comments?post=7850"}],"version-history":[{"count":1,"href":"https:\/\/4cantosalagoas.com.br\/portal\/wp-json\/wp\/v2\/posts\/7850\/revisions"}],"predecessor-version":[{"id":7852,"href":"https:\/\/4cantosalagoas.com.br\/portal\/wp-json\/wp\/v2\/posts\/7850\/revisions\/7852"}],"wp:featuredmedia":[{"embeddable":true,"href":"https:\/\/4cantosalagoas.com.br\/portal\/wp-json\/wp\/v2\/media\/7851"}],"wp:attachment":[{"href":"https:\/\/4cantosalagoas.com.br\/portal\/wp-json\/wp\/v2\/media?parent=7850"}],"wp:term":[{"taxonomy":"category","embeddable":true,"href":"https:\/\/4cantosalagoas.com.br\/portal\/wp-json\/wp\/v2\/categories?post=7850"},{"taxonomy":"post_tag","embeddable":true,"href":"https:\/\/4cantosalagoas.com.br\/portal\/wp-json\/wp\/v2\/tags?post=7850"}],"curies":[{"name":"wp","href":"https:\/\/api.w.org\/{rel}","templated":true}]}}