{"id":7842,"date":"2019-06-27T09:07:30","date_gmt":"2019-06-27T12:07:30","guid":{"rendered":"http:\/\/4cantosalagoas.com.br\/portal\/?p=7842"},"modified":"2019-06-27T09:07:40","modified_gmt":"2019-06-27T12:07:40","slug":"pm-prende-dupla-que-se-preparava-para-assaltar-van-de-transporte-alternativo","status":"publish","type":"post","link":"https:\/\/4cantosalagoas.com.br\/portal\/pm-prende-dupla-que-se-preparava-para-assaltar-van-de-transporte-alternativo\/","title":{"rendered":"PM prende dupla que se preparava para assaltar van de transporte alternativo"},"content":{"rendered":"\n<figure class=\"wp-block-image\"><img fetchpriority=\"high\" decoding=\"async\" width=\"1273\" height=\"875\" src=\"https:\/\/i1.wp.com\/4cantosalagoas.com.br\/portal\/wp-content\/uploads\/2019\/06\/boca.jpg?fit=1024%2C704\" alt=\"\" class=\"wp-image-7843\" srcset=\"https:\/\/4cantosalagoas.com.br\/portal\/wp-content\/uploads\/2019\/06\/boca.jpg 1273w, https:\/\/4cantosalagoas.com.br\/portal\/wp-content\/uploads\/2019\/06\/boca-300x206.jpg 300w, https:\/\/4cantosalagoas.com.br\/portal\/wp-content\/uploads\/2019\/06\/boca-768x528.jpg 768w, https:\/\/4cantosalagoas.com.br\/portal\/wp-content\/uploads\/2019\/06\/boca-1024x704.jpg 1024w\" sizes=\"(max-width: 1273px) 100vw, 1273px\" \/><figcaption>Reprodu\u00e7\u00e3o<\/figcaption><\/figure>\n\n\n\n<p> Ap\u00f3s receber denuncia que dois homens suspeitos ocupavam uma van de transporte alternativo, militares da 1\u00aa Cia Independente, atrav\u00e9s do Centro Integrado de Seguran\u00e7a P\u00fablica (CISP) de Boca da Mata, abordaram o ve\u00edculo e flagraram a dupla armada. <\/p>\n\n\n\n<p> O ve\u00edculo, que faz linha entres os munic\u00edpios de Boca da Mata e S\u00e3o Miguel dos Campos, foi abordado no Centro da cidade. <\/p>\n\n\n\n<p>\n\nSe passando por passageiros, viajavam Jos\u00e9 Rafael dos Santos, de 25 anos, e seu comparsa, um menor de 17, a dupla tentou esconder a arma, que supostamente seria usada para cometer o assalto, mas foram descobertos e preso com uma garrucha calibre 32.<\/p>\n\n\n\n<p>A dupla foi presa em flagrante e conduzida a 6\u00aa Delegacia Regional de S\u00e3o Miguel dos Campos. <\/p>\n\n\n\n<p>Fonte: Alagoasweb<\/p>\n","protected":false},"excerpt":{"rendered":"<p>Ap\u00f3s receber denuncia que dois homens suspeitos ocupavam uma van de transporte alternativo, militares da 1\u00aa Cia<\/p>\n","protected":false},"author":1,"featured_media":7843,"comment_status":"open","ping_status":"open","sticky":false,"template":"","format":"standard","meta":{"footnotes":""},"categories":[60],"tags":[],"class_list":["post-7842","post","type-post","status-publish","format-standard","has-post-thumbnail","hentry","category-capa"],"_links":{"self":[{"href":"https:\/\/4cantosalagoas.com.br\/portal\/wp-json\/wp\/v2\/posts\/7842","targetHints":{"allow":["GET"]}}],"collection":[{"href":"https:\/\/4cantosalagoas.com.br\/portal\/wp-json\/wp\/v2\/posts"}],"about":[{"href":"https:\/\/4cantosalagoas.com.br\/portal\/wp-json\/wp\/v2\/types\/post"}],"author":[{"embeddable":true,"href":"https:\/\/4cantosalagoas.com.br\/portal\/wp-json\/wp\/v2\/users\/1"}],"replies":[{"embeddable":true,"href":"https:\/\/4cantosalagoas.com.br\/portal\/wp-json\/wp\/v2\/comments?post=7842"}],"version-history":[{"count":1,"href":"https:\/\/4cantosalagoas.com.br\/portal\/wp-json\/wp\/v2\/posts\/7842\/revisions"}],"predecessor-version":[{"id":7844,"href":"https:\/\/4cantosalagoas.com.br\/portal\/wp-json\/wp\/v2\/posts\/7842\/revisions\/7844"}],"wp:featuredmedia":[{"embeddable":true,"href":"https:\/\/4cantosalagoas.com.br\/portal\/wp-json\/wp\/v2\/media\/7843"}],"wp:attachment":[{"href":"https:\/\/4cantosalagoas.com.br\/portal\/wp-json\/wp\/v2\/media?parent=7842"}],"wp:term":[{"taxonomy":"category","embeddable":true,"href":"https:\/\/4cantosalagoas.com.br\/portal\/wp-json\/wp\/v2\/categories?post=7842"},{"taxonomy":"post_tag","embeddable":true,"href":"https:\/\/4cantosalagoas.com.br\/portal\/wp-json\/wp\/v2\/tags?post=7842"}],"curies":[{"name":"wp","href":"https:\/\/api.w.org\/{rel}","templated":true}]}}