{"id":7669,"date":"2019-06-10T07:29:22","date_gmt":"2019-06-10T10:29:22","guid":{"rendered":"http:\/\/4cantosalagoas.com.br\/portal\/?p=7669"},"modified":"2019-06-10T07:29:31","modified_gmt":"2019-06-10T10:29:31","slug":"festejos-juninos-procon-maceio-divulga-pesquisa","status":"publish","type":"post","link":"https:\/\/4cantosalagoas.com.br\/portal\/festejos-juninos-procon-maceio-divulga-pesquisa\/","title":{"rendered":"Festejos juninos: Procon Macei\u00f3 divulga pesquisa"},"content":{"rendered":"\n<figure class=\"wp-block-image\"><img fetchpriority=\"high\" decoding=\"async\" width=\"1024\" height=\"683\" src=\"https:\/\/i2.wp.com\/4cantosalagoas.com.br\/portal\/wp-content\/uploads\/2019\/06\/proc.jpg?fit=1024%2C683\" alt=\"\" class=\"wp-image-7670\" srcset=\"https:\/\/4cantosalagoas.com.br\/portal\/wp-content\/uploads\/2019\/06\/proc.jpg 1024w, https:\/\/4cantosalagoas.com.br\/portal\/wp-content\/uploads\/2019\/06\/proc-300x200.jpg 300w, https:\/\/4cantosalagoas.com.br\/portal\/wp-content\/uploads\/2019\/06\/proc-768x512.jpg 768w\" sizes=\"(max-width: 1024px) 100vw, 1024px\" \/><figcaption> <br>Procon Macei\u00f3 realiza pesquisa de produtos mais consumidos no S\u00e3o Jo\u00e3o.\u00a0Foto: Pei Fon\/ Secom Macei\u00f3 <\/figcaption><\/figure>\n\n\n\n<p>O Procon Macei\u00f3 realizou, durante a primeira semana de junho, uma pesquisa de pre\u00e7o dos produtos mais consumidos durante o per\u00edodo junino. Foram avaliados os valores de alimentos t\u00edpicos, acess\u00f3rios e fogos de artif\u00edcio.<\/p>\n\n\n\n<p>De acordo com o diretor-executivo do Procon Macei\u00f3, Leandro Almeida, a pesquisa tem como finalidade identificar as varia\u00e7\u00f5es de pre\u00e7os dos produtos e alertar sobre a import\u00e2ncia do consumidor fazer pesquisas. \u201cAntes de qualquer compra \u00e9 recomendado que o consumidor compare os pre\u00e7os dos produtos e, assim, garanta a economia\u201d, afirmou.<\/p>\n\n\n\n<p>A pesquisa aponta uma redu\u00e7\u00e3o de aproximadamente 30% no pre\u00e7o de alguns alimentos t\u00edpicos em rela\u00e7\u00e3o ao ano passado, a exemplo do amendoim que custava R$12,11 e agora custa R$8,67. O Procon indica que na feira da Pra\u00e7a da Faculdade o milho tem a tradicional m\u00e3o custando entre R$20 e R$30.<\/p>\n\n\n\n<p>Foi encontrada tamb\u00e9m diminui\u00e7\u00e3o no pre\u00e7o de acess\u00f3rios, como o chap\u00e9u de palha, que custava R$10,07 em 2018 e em 2019 est\u00e1 custando R$9,38 (6% mais barato). Al\u00e9m disso, a pesquisa tamb\u00e9m traz o pre\u00e7o dos fogos de S\u00e3o Jo\u00e3o e a indica\u00e7\u00e3o da faixa et\u00e1ria para consumo, divididas em classe A \u2013 infantil, B \u2013 juvenil e C \u2013 adulto.<\/p>\n\n\n\n<p>O Procon Macei\u00f3 alerta ainda que os consumidores sempre verifiquem o prazo de validade dos alimentos e para troca dos produtos, al\u00e9m de exigir a nota fiscal no ato da compra. Para den\u00fancias ou para solicitar mais informa\u00e7\u00f5es, os telefones dispon\u00edveis do Procon Macei\u00f3 s\u00e3o 98882-8326 (WhatsApp) ou 0800 082 4567.<\/p>\n\n\n\n<p>Confira a pesquisa completa&nbsp;<a href=\"http:\/\/www.maceio.al.gov.br\/wp-content\/uploads\/2019\/06\/xlsx\/2019\/06\/PESQUISA-S%C3%83O-JO%C3%83O.xlsx\">aqui.<\/a><\/p>\n","protected":false},"excerpt":{"rendered":"<p>O Procon Macei\u00f3 realizou, durante a primeira semana de junho, uma pesquisa de pre\u00e7o dos produtos mais<\/p>\n","protected":false},"author":1,"featured_media":7670,"comment_status":"open","ping_status":"open","sticky":false,"template":"","format":"standard","meta":{"footnotes":""},"categories":[60],"tags":[],"class_list":["post-7669","post","type-post","status-publish","format-standard","has-post-thumbnail","hentry","category-capa"],"_links":{"self":[{"href":"https:\/\/4cantosalagoas.com.br\/portal\/wp-json\/wp\/v2\/posts\/7669","targetHints":{"allow":["GET"]}}],"collection":[{"href":"https:\/\/4cantosalagoas.com.br\/portal\/wp-json\/wp\/v2\/posts"}],"about":[{"href":"https:\/\/4cantosalagoas.com.br\/portal\/wp-json\/wp\/v2\/types\/post"}],"author":[{"embeddable":true,"href":"https:\/\/4cantosalagoas.com.br\/portal\/wp-json\/wp\/v2\/users\/1"}],"replies":[{"embeddable":true,"href":"https:\/\/4cantosalagoas.com.br\/portal\/wp-json\/wp\/v2\/comments?post=7669"}],"version-history":[{"count":1,"href":"https:\/\/4cantosalagoas.com.br\/portal\/wp-json\/wp\/v2\/posts\/7669\/revisions"}],"predecessor-version":[{"id":7671,"href":"https:\/\/4cantosalagoas.com.br\/portal\/wp-json\/wp\/v2\/posts\/7669\/revisions\/7671"}],"wp:featuredmedia":[{"embeddable":true,"href":"https:\/\/4cantosalagoas.com.br\/portal\/wp-json\/wp\/v2\/media\/7670"}],"wp:attachment":[{"href":"https:\/\/4cantosalagoas.com.br\/portal\/wp-json\/wp\/v2\/media?parent=7669"}],"wp:term":[{"taxonomy":"category","embeddable":true,"href":"https:\/\/4cantosalagoas.com.br\/portal\/wp-json\/wp\/v2\/categories?post=7669"},{"taxonomy":"post_tag","embeddable":true,"href":"https:\/\/4cantosalagoas.com.br\/portal\/wp-json\/wp\/v2\/tags?post=7669"}],"curies":[{"name":"wp","href":"https:\/\/api.w.org\/{rel}","templated":true}]}}