{"id":7666,"date":"2019-06-06T07:24:50","date_gmt":"2019-06-06T10:24:50","guid":{"rendered":"http:\/\/4cantosalagoas.com.br\/portal\/?p=7666"},"modified":"2019-06-06T07:24:59","modified_gmt":"2019-06-06T10:24:59","slug":"traipu-policia-civil-prende-homem-por-posse-ilegal-de-arma-de-fogo","status":"publish","type":"post","link":"https:\/\/4cantosalagoas.com.br\/portal\/traipu-policia-civil-prende-homem-por-posse-ilegal-de-arma-de-fogo\/","title":{"rendered":"Traipu: Pol\u00edcia Civil prende homem por posse ilegal de arma de fogo"},"content":{"rendered":"\n<figure class=\"wp-block-image\"><img fetchpriority=\"high\" decoding=\"async\" width=\"720\" height=\"1280\" src=\"https:\/\/i2.wp.com\/4cantosalagoas.com.br\/portal\/wp-content\/uploads\/2019\/06\/Armas-Traipu.jpg?fit=576%2C1024\" alt=\"\" class=\"wp-image-7667\" srcset=\"https:\/\/4cantosalagoas.com.br\/portal\/wp-content\/uploads\/2019\/06\/Armas-Traipu.jpg 720w, https:\/\/4cantosalagoas.com.br\/portal\/wp-content\/uploads\/2019\/06\/Armas-Traipu-169x300.jpg 169w, https:\/\/4cantosalagoas.com.br\/portal\/wp-content\/uploads\/2019\/06\/Armas-Traipu-576x1024.jpg 576w\" sizes=\"(max-width: 720px) 100vw, 720px\" \/><figcaption>Assessoria<\/figcaption><\/figure>\n\n\n\n<p>Policiais Civis do 63\u00b0Distrito Policial de Traipu, com o apoio da 4\u00aa DRP Arapiraca, coordenados pelos delegados Daniela Andrade e Ewerton Gon\u00e7alves, prenderam em flagrante nesta quarta-feira(5), Jos\u00e9 Pereira da Silva, 61 anos, pelo crime de posse ilegal de arma de fogo de uso permitido.<\/p>\n\n\n\n<p>A pris\u00e3o aconteceu ap\u00f3s den\u00fancias de que Jos\u00e9 Pereira estaria amea\u00e7ando populares. Os agentes se dirigiram at\u00e9 a resid\u00eancia do acusado, localizada do assentamento marca\u00e7\u00e3o, zona rural de Traipu e com a autoriza\u00e7\u00e3o do morador, entraram na resid\u00eancia, ao ser questionado se possu\u00eda arma de fogo, o acusado afirmou que possu\u00eda duas espingardas de fabrica\u00e7\u00e3o caseira, uma estava escondida atr\u00e1s do guarda-roupa e a outra&nbsp;embaixo do sof\u00e1.<\/p>\n\n\n\n<p>Diante do flagrante, o acusado foi encaminhado at\u00e9 a delegacia de Traipu para serem tomadas as devidas provid\u00eancias.<\/p>\n\n\n\n<p>Assessoria<\/p>\n","protected":false},"excerpt":{"rendered":"<p>Policiais Civis do 63\u00b0Distrito Policial de Traipu, com o apoio da 4\u00aa DRP Arapiraca, coordenados pelos delegados<\/p>\n","protected":false},"author":1,"featured_media":7667,"comment_status":"open","ping_status":"open","sticky":false,"template":"","format":"standard","meta":{"footnotes":""},"categories":[60],"tags":[],"class_list":["post-7666","post","type-post","status-publish","format-standard","has-post-thumbnail","hentry","category-capa"],"_links":{"self":[{"href":"https:\/\/4cantosalagoas.com.br\/portal\/wp-json\/wp\/v2\/posts\/7666","targetHints":{"allow":["GET"]}}],"collection":[{"href":"https:\/\/4cantosalagoas.com.br\/portal\/wp-json\/wp\/v2\/posts"}],"about":[{"href":"https:\/\/4cantosalagoas.com.br\/portal\/wp-json\/wp\/v2\/types\/post"}],"author":[{"embeddable":true,"href":"https:\/\/4cantosalagoas.com.br\/portal\/wp-json\/wp\/v2\/users\/1"}],"replies":[{"embeddable":true,"href":"https:\/\/4cantosalagoas.com.br\/portal\/wp-json\/wp\/v2\/comments?post=7666"}],"version-history":[{"count":1,"href":"https:\/\/4cantosalagoas.com.br\/portal\/wp-json\/wp\/v2\/posts\/7666\/revisions"}],"predecessor-version":[{"id":7668,"href":"https:\/\/4cantosalagoas.com.br\/portal\/wp-json\/wp\/v2\/posts\/7666\/revisions\/7668"}],"wp:featuredmedia":[{"embeddable":true,"href":"https:\/\/4cantosalagoas.com.br\/portal\/wp-json\/wp\/v2\/media\/7667"}],"wp:attachment":[{"href":"https:\/\/4cantosalagoas.com.br\/portal\/wp-json\/wp\/v2\/media?parent=7666"}],"wp:term":[{"taxonomy":"category","embeddable":true,"href":"https:\/\/4cantosalagoas.com.br\/portal\/wp-json\/wp\/v2\/categories?post=7666"},{"taxonomy":"post_tag","embeddable":true,"href":"https:\/\/4cantosalagoas.com.br\/portal\/wp-json\/wp\/v2\/tags?post=7666"}],"curies":[{"name":"wp","href":"https:\/\/api.w.org\/{rel}","templated":true}]}}