{"id":7645,"date":"2019-06-03T13:33:48","date_gmt":"2019-06-03T16:33:48","guid":{"rendered":"http:\/\/4cantosalagoas.com.br\/portal\/?p=7645"},"modified":"2019-06-03T13:34:02","modified_gmt":"2019-06-03T16:34:02","slug":"pajucara-vai-ganhar-espaco-de-lazer-e-gastronomia","status":"publish","type":"post","link":"https:\/\/4cantosalagoas.com.br\/portal\/pajucara-vai-ganhar-espaco-de-lazer-e-gastronomia\/","title":{"rendered":"Paju\u00e7ara vai ganhar espa\u00e7o de lazer e gastronomia"},"content":{"rendered":"\n<figure class=\"wp-block-image\"><img fetchpriority=\"high\" decoding=\"async\" width=\"721\" height=\"1080\" src=\"https:\/\/i0.wp.com\/4cantosalagoas.com.br\/portal\/wp-content\/uploads\/2019\/06\/garsea.jpg?fit=684%2C1024\" alt=\"\" class=\"wp-image-7646\" srcset=\"https:\/\/4cantosalagoas.com.br\/portal\/wp-content\/uploads\/2019\/06\/garsea.jpg 721w, https:\/\/4cantosalagoas.com.br\/portal\/wp-content\/uploads\/2019\/06\/garsea-200x300.jpg 200w, https:\/\/4cantosalagoas.com.br\/portal\/wp-content\/uploads\/2019\/06\/garsea-684x1024.jpg 684w\" sizes=\"(max-width: 721px) 100vw, 721px\" \/><figcaption>Reforma e interven\u00e7\u00e3o na rua Dr Lessa de Azevedo\rFoto:Marco Ant\u00f4nio\/Secom Macei\u00f3<\/figcaption><\/figure>\n\n\n\n<p> Maceioenses e turistas que frequentam as lanchonetes e restaurantes da Rua Dr. Lessa de Azevedo, na Paju\u00e7ara, j\u00e1 percebem as diferen\u00e7as no local. O que antes era uma via com movimento intenso de motoristas agora est\u00e1 em obras para se tornar um espa\u00e7o de conviv\u00eancia, lazer e gastronomia. <\/p>\n\n\n\n<p>O projeto foi desenvolvido pela equipe de arquitetos da Secretaria Municipal de Desenvolvimento Territorial e Meio Ambiente (Sedet) e as obras est\u00e3o sendo executadas pela Secretaria de Desenvolvimento Sustent\u00e1vel (Semds).<\/p>\n\n\n\n<p>De acordo com a gestora da Sedet, Rosa Ten\u00f3rio, o projeto vai proporcionar um ponto de encontro privilegiado no cora\u00e7\u00e3o da Paju\u00e7ara.<\/p>\n\n\n\n<figure class=\"wp-block-image\"><a href=\"http:\/\/www.maceio.al.gov.br\/wp-content\/uploads\/2019\/04\/jpg\/2019\/04\/30MA-Reforma-na-rua-Dr-Lessa-de-Azevedo-20.jpg\"><img decoding=\"async\" src=\"http:\/\/www.maceio.al.gov.br\/wp-content\/uploads\/2019\/04\/jpg\/2019\/04\/30MA-Reforma-na-rua-Dr-Lessa-de-Azevedo-20-1024x683.jpg\" alt=\"\" class=\"wp-image-300891\"\/><\/a><\/figure>\n\n\n\n<p>Projeto foi elaborado pela Sedet. Foto: Marco Ant\u00f4nio\/ Secom Macei\u00f3<\/p>\n\n\n\n<p>\u201cA equipe de profissionais pensou em aproveitar aquele trecho de orla e fazer uma esp\u00e9cie de pra\u00e7a de alimenta\u00e7\u00e3o a c\u00e9u aberto, voltado para o bem-estar das pessoas. Uma ideia que fortalece a din\u00e2mica local, criando uma \u00e1rea de conviv\u00eancia, onde todos possam se apropriar ainda mais do espa\u00e7o p\u00fablico\u201d, ressaltou Rosa.<\/p>\n\n\n\n<p>As interven\u00e7\u00f5es urbanas como esta s\u00e3o uma tend\u00eancia mundial, em um movimento chamado Novo Urbanismo. A Prefeitura de Macei\u00f3 estuda ampliar a ideia para outras \u00e1reas da cidade, como explica o secret\u00e1rio-adjunto de planejamento urbano da Sedet, T\u00e1cio Rodrigues.&nbsp;\u201cAgora estudamos desenvolver projetos semelhantes em outros pontos, estamos analisando algumas localiza\u00e7\u00f5es. O movimento traz a ideia da transforma\u00e7\u00e3o de espa\u00e7os p\u00fablicos usados por carros voltados para a circula\u00e7\u00e3o de pedestres. No caso da Paju\u00e7ara, como j\u00e1 existia uma s\u00e9rie de com\u00e9rcio e servi\u00e7os, quisemos fortalecer a economia local e favorecer os maceioenses e turistas com um espa\u00e7o p\u00fablico diferenciado no meio urbano\u201d, explicou.<\/p>\n\n\n\n<p>A previs\u00e3o para o t\u00e9rmino da obra \u00e9 no in\u00edcio do segundo semestre. Al\u00e9m da obra na Dr. Lessa de Azevedo, os projetos da Sedet tamb\u00e9m contemplam a revitaliza\u00e7\u00e3o da Pra\u00e7a do Rex, e interven\u00e7\u00f5es nos canteiros das ruas Epaminondas Gracindo e Jangadeiros Alagoanos. O custo total da obra \u00e9 de aproximadamente R$ 200 mil, provenientes do IPTU e do Fundo Municipal de Meio Ambiente, com recursos de licenciamentos e multas ambientais.<\/p>\n\n\n\n<p>\u201cQuando o trabalho for finalizado, a popula\u00e7\u00e3o vai desfrutar de um espa\u00e7o totalmente revitalizado. Na pra\u00e7a t\u00ednhamos uma banca de revistas que estava abandonada, que era utilizada como abrigo e para o uso de drogas. Ela j\u00e1 foi retirada. O espa\u00e7o vai receber uma ilumina\u00e7\u00e3o adequada, toda em LED, e com certeza isso vai aumentar o fluxo de pessoas que circulam pela regi\u00e3o\u201d, ressaltou o secret\u00e1rio de Desenvolvimento Sustent\u00e1vel, Gustavo Accioli Torres.<\/p>\n\n\n\n<p>Ascom Sedet<\/p>\n","protected":false},"excerpt":{"rendered":"<p>Maceioenses e turistas que frequentam as lanchonetes e restaurantes da Rua Dr. Lessa de Azevedo, na Paju\u00e7ara,<\/p>\n","protected":false},"author":1,"featured_media":7646,"comment_status":"open","ping_status":"open","sticky":false,"template":"","format":"standard","meta":{"footnotes":""},"categories":[60],"tags":[],"class_list":["post-7645","post","type-post","status-publish","format-standard","has-post-thumbnail","hentry","category-capa"],"_links":{"self":[{"href":"https:\/\/4cantosalagoas.com.br\/portal\/wp-json\/wp\/v2\/posts\/7645","targetHints":{"allow":["GET"]}}],"collection":[{"href":"https:\/\/4cantosalagoas.com.br\/portal\/wp-json\/wp\/v2\/posts"}],"about":[{"href":"https:\/\/4cantosalagoas.com.br\/portal\/wp-json\/wp\/v2\/types\/post"}],"author":[{"embeddable":true,"href":"https:\/\/4cantosalagoas.com.br\/portal\/wp-json\/wp\/v2\/users\/1"}],"replies":[{"embeddable":true,"href":"https:\/\/4cantosalagoas.com.br\/portal\/wp-json\/wp\/v2\/comments?post=7645"}],"version-history":[{"count":1,"href":"https:\/\/4cantosalagoas.com.br\/portal\/wp-json\/wp\/v2\/posts\/7645\/revisions"}],"predecessor-version":[{"id":7647,"href":"https:\/\/4cantosalagoas.com.br\/portal\/wp-json\/wp\/v2\/posts\/7645\/revisions\/7647"}],"wp:featuredmedia":[{"embeddable":true,"href":"https:\/\/4cantosalagoas.com.br\/portal\/wp-json\/wp\/v2\/media\/7646"}],"wp:attachment":[{"href":"https:\/\/4cantosalagoas.com.br\/portal\/wp-json\/wp\/v2\/media?parent=7645"}],"wp:term":[{"taxonomy":"category","embeddable":true,"href":"https:\/\/4cantosalagoas.com.br\/portal\/wp-json\/wp\/v2\/categories?post=7645"},{"taxonomy":"post_tag","embeddable":true,"href":"https:\/\/4cantosalagoas.com.br\/portal\/wp-json\/wp\/v2\/tags?post=7645"}],"curies":[{"name":"wp","href":"https:\/\/api.w.org\/{rel}","templated":true}]}}