{"id":7642,"date":"2019-06-03T13:25:15","date_gmt":"2019-06-03T16:25:15","guid":{"rendered":"http:\/\/4cantosalagoas.com.br\/portal\/?p=7642"},"modified":"2019-06-03T13:25:26","modified_gmt":"2019-06-03T16:25:26","slug":"procon-vai-fiscalizar-pontos-de-venda-de-fogos-de-artificio","status":"publish","type":"post","link":"https:\/\/4cantosalagoas.com.br\/portal\/procon-vai-fiscalizar-pontos-de-venda-de-fogos-de-artificio\/","title":{"rendered":"Procon vai fiscalizar pontos de venda de fogos de artif\u00edcio"},"content":{"rendered":"\n<figure class=\"wp-block-image\"><img fetchpriority=\"high\" decoding=\"async\" width=\"940\" height=\"709\" src=\"http:\/\/4cantosalagoas.com.br\/portal\/wp-content\/uploads\/2019\/06\/pookj.jpeg\" alt=\"\" class=\"wp-image-7643\" srcset=\"https:\/\/4cantosalagoas.com.br\/portal\/wp-content\/uploads\/2019\/06\/pookj.jpeg 940w, https:\/\/4cantosalagoas.com.br\/portal\/wp-content\/uploads\/2019\/06\/pookj-300x226.jpeg 300w, https:\/\/4cantosalagoas.com.br\/portal\/wp-content\/uploads\/2019\/06\/pookj-768x579.jpeg 768w\" sizes=\"(max-width: 940px) 100vw, 940px\" \/><figcaption> <br>Ficais do Procon em barracas de fogos. Foto: Procon Macei\u00f3. <\/figcaption><\/figure>\n\n\n\n<p>Devido ao in\u00edcio dos festejos juninos, o Procon Macei\u00f3 fiscalizar\u00e1, de 04 a 06 de junho, em parceria com a &nbsp;Secretaria Municipal de Seguran\u00e7a Comunit\u00e1ria e Conv\u00edvio Social (Semscs), estabelecimentos de comercializa\u00e7\u00e3o de fogos de artif\u00edcio. O objetivo da opera\u00e7\u00e3o, chamada de S\u00e3o Jo\u00e3o Legal, \u00e9 verificar se os comerciantes est\u00e3o atentos \u00e0 seguran\u00e7a dos consumidores, bem como se est\u00e3o cumprindo as regras do C\u00f3digo de Defesa do Consumidor.<\/p>\n\n\n\n<p>Al\u00e9m disso, tamb\u00e9m ser\u00e3o analisadas as condi\u00e7\u00f5es, a validade e autoriza\u00e7\u00f5es dos fornecedores para funcionar e comercializar esses produtos. O Procon Macei\u00f3 tamb\u00e9m realizar\u00e1 orienta\u00e7\u00f5es educativas em escolas&nbsp; e vias p\u00fablicas da capital, com a distribui\u00e7\u00e3o de material gr\u00e1fico, informa\u00e7\u00f5es e dicas de seguran\u00e7a.<\/p>\n\n\n\n<p>\u201cSer\u00e3o analisadas quest\u00f5es como a regularidade das barracas, validade e manuseios dos fogos de artif\u00edcios, incluindo a faixa et\u00e1ria de utiliza\u00e7\u00e3o. Al\u00e9m disso, faremos uma campanha educativa, divulgando material gr\u00e1fico sobre os cuidados que as pessoas precisam ter ao manusear esses produtos\u201d, disse o diretor-executivo do Procon Macei\u00f3, Leandro Almeida.<\/p>\n\n\n\n<p>Almeida refor\u00e7a que, caso o consumidor constate pre\u00e7os abusivos, produtos fora da validade ou tiver alguma d\u00favida em rela\u00e7\u00e3o a seus direitos, pode entrar em contato com o Procon Macei\u00f3 por meio &nbsp;dos n\u00fameros 0800 082 4567 ou 98882-8326.<\/p>\n\n\n\n<p><strong>Confira abaixo algumas dicas inclu\u00eddas no material que ser\u00e1 divulgado pelo Procon Macei\u00f3:<\/strong><\/p>\n\n\n\n<p>\u2013 Comprar os fogos de artif\u00edcio em lojas autorizadas pelo Corpo de Bombeiros e \u00f3rg\u00e3os competentes.<\/p>\n\n\n\n<p>\u2013 Verificar a validade dos fogos de artif\u00edcio de acordo com o artigo 18\u00ba \u00a76 I do C\u00f3digo de Defesa do consumidor (CDC);<\/p>\n\n\n\n<p>\u2013 Como consta no artigo 9\u00ba do CDC, durante a compra dos fogos de artif\u00edcio, \u00e9 obriga\u00e7\u00e3o do fornecedor prestar informa\u00e7\u00f5es ao consumidor sobre os riscos provocados pelos produtos considerados perigosos ou nocivos;<\/p>\n\n\n\n<p>\u2013 Crian\u00e7as com menos de 10 anos n\u00e3o podem soltar bombas, para eles a brincadeira \u00e9 liberada apenas com fogos luminosos e estalinhos conhecidos como \u201ctraque\u201d;<\/p>\n\n\n\n<p>\u2013 De acordo com o com o artigo 6\u00ba do CDC, as instru\u00e7\u00f5es de utiliza\u00e7\u00e3o devem estar sempre na caixa ou embalagem dos fogos de artif\u00edcio;<\/p>\n\n\n\n<p>\u2013 Em caso de queimadura, n\u00e3o utilizar medicamentos sem consulta m\u00e9dica e procurar o hospital mais pr\u00f3ximo;<\/p>\n\n\n\n<p>Marcondes Leite (estagi\u00e1rio)\/Secom Macei\u00f3<\/p>\n","protected":false},"excerpt":{"rendered":"<p>Devido ao in\u00edcio dos festejos juninos, o Procon Macei\u00f3 fiscalizar\u00e1, de 04 a 06 de junho, em<\/p>\n","protected":false},"author":1,"featured_media":7643,"comment_status":"open","ping_status":"open","sticky":false,"template":"","format":"standard","meta":{"footnotes":""},"categories":[5],"tags":[],"class_list":["post-7642","post","type-post","status-publish","format-standard","has-post-thumbnail","hentry","category-maceio"],"_links":{"self":[{"href":"https:\/\/4cantosalagoas.com.br\/portal\/wp-json\/wp\/v2\/posts\/7642","targetHints":{"allow":["GET"]}}],"collection":[{"href":"https:\/\/4cantosalagoas.com.br\/portal\/wp-json\/wp\/v2\/posts"}],"about":[{"href":"https:\/\/4cantosalagoas.com.br\/portal\/wp-json\/wp\/v2\/types\/post"}],"author":[{"embeddable":true,"href":"https:\/\/4cantosalagoas.com.br\/portal\/wp-json\/wp\/v2\/users\/1"}],"replies":[{"embeddable":true,"href":"https:\/\/4cantosalagoas.com.br\/portal\/wp-json\/wp\/v2\/comments?post=7642"}],"version-history":[{"count":1,"href":"https:\/\/4cantosalagoas.com.br\/portal\/wp-json\/wp\/v2\/posts\/7642\/revisions"}],"predecessor-version":[{"id":7644,"href":"https:\/\/4cantosalagoas.com.br\/portal\/wp-json\/wp\/v2\/posts\/7642\/revisions\/7644"}],"wp:featuredmedia":[{"embeddable":true,"href":"https:\/\/4cantosalagoas.com.br\/portal\/wp-json\/wp\/v2\/media\/7643"}],"wp:attachment":[{"href":"https:\/\/4cantosalagoas.com.br\/portal\/wp-json\/wp\/v2\/media?parent=7642"}],"wp:term":[{"taxonomy":"category","embeddable":true,"href":"https:\/\/4cantosalagoas.com.br\/portal\/wp-json\/wp\/v2\/categories?post=7642"},{"taxonomy":"post_tag","embeddable":true,"href":"https:\/\/4cantosalagoas.com.br\/portal\/wp-json\/wp\/v2\/tags?post=7642"}],"curies":[{"name":"wp","href":"https:\/\/api.w.org\/{rel}","templated":true}]}}