{"id":7562,"date":"2019-05-26T07:05:52","date_gmt":"2019-05-26T10:05:52","guid":{"rendered":"http:\/\/4cantosalagoas.com.br\/portal\/?p=7562"},"modified":"2019-05-27T09:27:36","modified_gmt":"2019-05-27T12:27:36","slug":"8a-marcha-do-orgulho-lgbt-transito-na-orla-maritima-sera-modificado-neste-domingo","status":"publish","type":"post","link":"https:\/\/4cantosalagoas.com.br\/portal\/8a-marcha-do-orgulho-lgbt-transito-na-orla-maritima-sera-modificado-neste-domingo\/","title":{"rendered":"8\u00aa Marcha do Orgulho LGBT: Tr\u00e2nsito na orla mar\u00edtima ser\u00e1 modificado neste domingo"},"content":{"rendered":"\n<figure class=\"wp-block-image\"><img fetchpriority=\"high\" decoding=\"async\" width=\"1024\" height=\"683\" src=\"https:\/\/i0.wp.com\/4cantosalagoas.com.br\/portal\/wp-content\/uploads\/2019\/05\/abcglbt.jpg?fit=1024%2C683\" alt=\"\" class=\"wp-image-7563\" srcset=\"https:\/\/4cantosalagoas.com.br\/portal\/wp-content\/uploads\/2019\/05\/abcglbt.jpg 1024w, https:\/\/4cantosalagoas.com.br\/portal\/wp-content\/uploads\/2019\/05\/abcglbt-300x200.jpg 300w, https:\/\/4cantosalagoas.com.br\/portal\/wp-content\/uploads\/2019\/05\/abcglbt-768x512.jpg 768w\" sizes=\"(max-width: 1024px) 100vw, 1024px\" \/><figcaption> <br>Agentes estar\u00e3o no local para orientar condutores. Foto: Pei Fon\/ Macei\u00f3 Secom <\/figcaption><\/figure>\n\n\n\n<p>As equipes da Superintend\u00eancia Municipal de Transportes e Tr\u00e2nsito (SMTT) executar\u00e3o interdi\u00e7\u00f5es em alguns pontos parte baixa de Macei\u00f3 para a realiza\u00e7\u00e3o de diversos eventos neste domingo (26). Devido \u00e0 corrida do Conselho Regional de Enfermagem (Coren), o tr\u00e2nsito no bairro da Ponta Verde ser\u00e1 alterado das 6h30 \u00e0s 7h30, na regi\u00e3o da Pra\u00e7a Gog\u00f3 da Ema. Agentes da Superintend\u00eancia efetuar\u00e3o um bloqueio no cruzamento da Avenida Silvio Viana com a Rua Professora H\u00edgia Vasconcelos.<\/p>\n\n\n\n<p>As equipes da SMTT voltar\u00e3o a interromper o fluxo de ve\u00edculos, desta vez na Paju\u00e7ara, para a realiza\u00e7\u00e3o da 2\u00aa edi\u00e7\u00e3o do Corrid\u00e3o do Raio, promovido pelo Batalh\u00e3o de R\u00e1dio Patrulha. Ser\u00e3o dois pontos de mudan\u00e7a: na intersec\u00e7\u00e3o das Ruas The\u00f3filo Otoni e Jangadeiros Alagoanos e nas imedia\u00e7\u00f5es da Barraca Sete Coqueiros.<\/p>\n\n\n\n<p>Por \u00faltimo, os agentes efetuar\u00e3o quatro pontos de bloqueio&nbsp;em decorr\u00eancia da 8\u00aa Marcha do Orgulho LGBT em Alagoas,&nbsp; das 15h \u00e0s 22h. O primeiro ser\u00e1 na intersec\u00e7\u00e3o da Avenida Doutor Ant\u00f4nio Gouveia com a Rua Conde de Iraj\u00e1, onde o fluxo de ve\u00edculos proveniente do Jaragu\u00e1 ser\u00e1 direcionado para a Rua Jangadeiros Alagoanos. Para a ocasi\u00e3o, a Rua Conde de Iraj\u00e1 ter\u00e1 seu sentido mudado.<\/p>\n\n\n\n<p>O segundo ponto de interdi\u00e7\u00e3o ser\u00e1 no encontro da Rua Jangadeiros Alagoanos com a Rua Conde de Iraj\u00e1. Com esse bloqueio, ficar\u00e1 impedida a entrada de ve\u00edculos na Rua Conde de Iraj\u00e1 em dire\u00e7\u00e3o \u00e0 orla. Outro bloqueio ser\u00e1 realizado na intersec\u00e7\u00e3o da Rua Jangadeiros Alagoanos com a Rua J\u00falio Plech Filho, impedindo a movimenta\u00e7\u00e3o para a Rua J\u00falio Plech Filho em dire\u00e7\u00e3o \u00e0 orla.<\/p>\n\n\n\n<p>Uma viatura tamb\u00e9m estar\u00e1 realizando o desvio no trecho da Avenida Dr. Ant\u00f4nio Gouveia em dire\u00e7\u00e3o \u00e0 Ponta Verde devido \u00e0 interdi\u00e7\u00e3o do Domingo de Lazer. Agentes da Superintend\u00eancia estar\u00e3o nos locais para prestar orienta\u00e7\u00f5es e garantir a seguran\u00e7a vi\u00e1ria.<\/p>\n\n\n\n<p>Ascom SMTT<\/p>\n","protected":false},"excerpt":{"rendered":"<p>As equipes da Superintend\u00eancia Municipal de Transportes e Tr\u00e2nsito (SMTT) executar\u00e3o interdi\u00e7\u00f5es em alguns pontos parte baixa<\/p>\n","protected":false},"author":1,"featured_media":7563,"comment_status":"open","ping_status":"open","sticky":false,"template":"","format":"standard","meta":{"footnotes":""},"categories":[4],"tags":[],"class_list":["post-7562","post","type-post","status-publish","format-standard","has-post-thumbnail","hentry","category-noticias"],"_links":{"self":[{"href":"https:\/\/4cantosalagoas.com.br\/portal\/wp-json\/wp\/v2\/posts\/7562","targetHints":{"allow":["GET"]}}],"collection":[{"href":"https:\/\/4cantosalagoas.com.br\/portal\/wp-json\/wp\/v2\/posts"}],"about":[{"href":"https:\/\/4cantosalagoas.com.br\/portal\/wp-json\/wp\/v2\/types\/post"}],"author":[{"embeddable":true,"href":"https:\/\/4cantosalagoas.com.br\/portal\/wp-json\/wp\/v2\/users\/1"}],"replies":[{"embeddable":true,"href":"https:\/\/4cantosalagoas.com.br\/portal\/wp-json\/wp\/v2\/comments?post=7562"}],"version-history":[{"count":1,"href":"https:\/\/4cantosalagoas.com.br\/portal\/wp-json\/wp\/v2\/posts\/7562\/revisions"}],"predecessor-version":[{"id":7564,"href":"https:\/\/4cantosalagoas.com.br\/portal\/wp-json\/wp\/v2\/posts\/7562\/revisions\/7564"}],"wp:featuredmedia":[{"embeddable":true,"href":"https:\/\/4cantosalagoas.com.br\/portal\/wp-json\/wp\/v2\/media\/7563"}],"wp:attachment":[{"href":"https:\/\/4cantosalagoas.com.br\/portal\/wp-json\/wp\/v2\/media?parent=7562"}],"wp:term":[{"taxonomy":"category","embeddable":true,"href":"https:\/\/4cantosalagoas.com.br\/portal\/wp-json\/wp\/v2\/categories?post=7562"},{"taxonomy":"post_tag","embeddable":true,"href":"https:\/\/4cantosalagoas.com.br\/portal\/wp-json\/wp\/v2\/tags?post=7562"}],"curies":[{"name":"wp","href":"https:\/\/api.w.org\/{rel}","templated":true}]}}