{"id":7468,"date":"2019-05-16T13:30:07","date_gmt":"2019-05-16T16:30:07","guid":{"rendered":"http:\/\/4cantosalagoas.com.br\/portal\/?p=7468"},"modified":"2019-05-16T13:30:18","modified_gmt":"2019-05-16T16:30:18","slug":"gestores-discutem-panorama-nacional-das-politicas-culturais","status":"publish","type":"post","link":"https:\/\/4cantosalagoas.com.br\/portal\/gestores-discutem-panorama-nacional-das-politicas-culturais\/","title":{"rendered":"Gestores discutem panorama nacional das pol\u00edticas culturais"},"content":{"rendered":"\n<figure class=\"wp-block-image\"><img fetchpriority=\"high\" decoding=\"async\" width=\"1024\" height=\"768\" src=\"https:\/\/i2.wp.com\/4cantosalagoas.com.br\/portal\/wp-content\/uploads\/2019\/05\/acbbca.jpeg?fit=1024%2C768\" alt=\"\" class=\"wp-image-7469\" srcset=\"https:\/\/4cantosalagoas.com.br\/portal\/wp-content\/uploads\/2019\/05\/acbbca.jpeg 1024w, https:\/\/4cantosalagoas.com.br\/portal\/wp-content\/uploads\/2019\/05\/acbbca-300x225.jpeg 300w, https:\/\/4cantosalagoas.com.br\/portal\/wp-content\/uploads\/2019\/05\/acbbca-768x576.jpeg 768w\" sizes=\"(max-width: 1024px) 100vw, 1024px\" \/><figcaption> <br>Vinicius Palmeira, at\u00e9 ent\u00e3o presidente do F\u00f3rum, coordenou reuni\u00e3o. Foto: Ascom FMAC <\/figcaption><\/figure>\n\n\n\n<p>a manh\u00e3 desta quinta-feira (16), membros do F\u00f3rum Nacional de Secret\u00e1rios e Gestores de Cultura das Capitais e Munic\u00edpios Associados participaram de uma assembleia geral realizada no Jati\u00faca Hotel &amp; Resort, em Macei\u00f3.<\/p>\n\n\n\n<p>Durante a reuni\u00e3o, gestores de diversas cidades do Pa\u00eds discutiram o panorama nacional, e atual, das pol\u00edticas p\u00fablicas destinadas \u00e0 cultura.<\/p>\n\n\n\n<p>Entre as pautas discutidas na assembleia, est\u00e3o os entraves que retardam ou at\u00e9 mesmo inviabilizam o repasse de recursos federais para as a\u00e7\u00f5es articuladas pelos munic\u00edpios para o desenvolvimento da cultura local.<\/p>\n\n\n\n<figure class=\"wp-block-image\"><a href=\"http:\/\/www.maceio.al.gov.br\/wp-content\/uploads\/2019\/05\/jpeg\/2019\/05\/WhatsApp-Image-2019-05-16-at-09.46.14-1.jpeg\"><img decoding=\"async\" src=\"http:\/\/www.maceio.al.gov.br\/wp-content\/uploads\/2019\/05\/jpeg\/2019\/05\/WhatsApp-Image-2019-05-16-at-09.46.14-1-1024x768.jpeg\" alt=\"\" class=\"wp-image-303001\"\/><\/a><\/figure>\n\n\n\n<p>Gestores p\u00fablicos discutem a atual conjuntura das pol\u00edticas culturais do Pa\u00eds. Foto: Ascom FMAC.<\/p>\n\n\n\n<p>O gestor da Funda\u00e7\u00e3o Municipal de A\u00e7\u00e3o Cultural (FMAC) e, tamb\u00e9m, atual presidente do F\u00f3rum, Vinicius Palmeira, aproveitou o momento para enfatizar a import\u00e2ncia dos recursos federais para a gest\u00e3o cultural em Macei\u00f3.<\/p>\n\n\n\n<p>\u201c\u00c9 indiscut\u00edvel a relev\u00e2ncia dos recursos assegurados atrav\u00e9s de emendas parlamentares para o nosso or\u00e7amento. Inclusive, uma parte significativa das nossas a\u00e7\u00f5es acontecem, hoje, a partir dessa articula\u00e7\u00e3o\u201d, afirmou.<\/p>\n\n\n\n<p>Nos \u00faltimos instantes da reuni\u00e3o, os membros definiram a nova diretoria do F\u00f3rum, que passa a ter como presidente o secret\u00e1rio de Cultura de Campinas, Claudiney Carrasco, e como vice-presidente a secret\u00e1ria de Cultura de Curitiba, Ana Castro.<\/p>\n\n\n\n<p>Robson Muller\/ Ascom FMAC<\/p>\n","protected":false},"excerpt":{"rendered":"<p>a manh\u00e3 desta quinta-feira (16), membros do F\u00f3rum Nacional de Secret\u00e1rios e Gestores de Cultura das Capitais<\/p>\n","protected":false},"author":1,"featured_media":7469,"comment_status":"open","ping_status":"open","sticky":false,"template":"","format":"standard","meta":{"footnotes":""},"categories":[60],"tags":[],"class_list":["post-7468","post","type-post","status-publish","format-standard","has-post-thumbnail","hentry","category-capa"],"_links":{"self":[{"href":"https:\/\/4cantosalagoas.com.br\/portal\/wp-json\/wp\/v2\/posts\/7468","targetHints":{"allow":["GET"]}}],"collection":[{"href":"https:\/\/4cantosalagoas.com.br\/portal\/wp-json\/wp\/v2\/posts"}],"about":[{"href":"https:\/\/4cantosalagoas.com.br\/portal\/wp-json\/wp\/v2\/types\/post"}],"author":[{"embeddable":true,"href":"https:\/\/4cantosalagoas.com.br\/portal\/wp-json\/wp\/v2\/users\/1"}],"replies":[{"embeddable":true,"href":"https:\/\/4cantosalagoas.com.br\/portal\/wp-json\/wp\/v2\/comments?post=7468"}],"version-history":[{"count":1,"href":"https:\/\/4cantosalagoas.com.br\/portal\/wp-json\/wp\/v2\/posts\/7468\/revisions"}],"predecessor-version":[{"id":7470,"href":"https:\/\/4cantosalagoas.com.br\/portal\/wp-json\/wp\/v2\/posts\/7468\/revisions\/7470"}],"wp:featuredmedia":[{"embeddable":true,"href":"https:\/\/4cantosalagoas.com.br\/portal\/wp-json\/wp\/v2\/media\/7469"}],"wp:attachment":[{"href":"https:\/\/4cantosalagoas.com.br\/portal\/wp-json\/wp\/v2\/media?parent=7468"}],"wp:term":[{"taxonomy":"category","embeddable":true,"href":"https:\/\/4cantosalagoas.com.br\/portal\/wp-json\/wp\/v2\/categories?post=7468"},{"taxonomy":"post_tag","embeddable":true,"href":"https:\/\/4cantosalagoas.com.br\/portal\/wp-json\/wp\/v2\/tags?post=7468"}],"curies":[{"name":"wp","href":"https:\/\/api.w.org\/{rel}","templated":true}]}}