{"id":7376,"date":"2019-05-06T14:18:23","date_gmt":"2019-05-06T17:18:23","guid":{"rendered":"http:\/\/4cantosalagoas.com.br\/portal\/?p=7376"},"modified":"2019-05-06T14:18:32","modified_gmt":"2019-05-06T17:18:32","slug":"preso-acusado-de-assassinar-vitima-com-varios-tiros-em-rio-largo","status":"publish","type":"post","link":"https:\/\/4cantosalagoas.com.br\/portal\/preso-acusado-de-assassinar-vitima-com-varios-tiros-em-rio-largo\/","title":{"rendered":"Preso acusado de assassinar v\u00edtima com v\u00e1rios tiros em Rio Largo"},"content":{"rendered":"\n<figure class=\"wp-block-image\"><img fetchpriority=\"high\" decoding=\"async\" width=\"955\" height=\"716\" src=\"http:\/\/4cantosalagoas.com.br\/portal\/wp-content\/uploads\/2019\/02\/imagem-de-pol\u00edcia-civil.jpg\" alt=\"\" class=\"wp-image-6713\" srcset=\"https:\/\/4cantosalagoas.com.br\/portal\/wp-content\/uploads\/2019\/02\/imagem-de-pol\u00edcia-civil.jpg 955w, https:\/\/4cantosalagoas.com.br\/portal\/wp-content\/uploads\/2019\/02\/imagem-de-pol\u00edcia-civil-300x225.jpg 300w, https:\/\/4cantosalagoas.com.br\/portal\/wp-content\/uploads\/2019\/02\/imagem-de-pol\u00edcia-civil-768x576.jpg 768w, https:\/\/4cantosalagoas.com.br\/portal\/wp-content\/uploads\/2019\/02\/imagem-de-pol\u00edcia-civil-375x281.jpg 375w, https:\/\/4cantosalagoas.com.br\/portal\/wp-content\/uploads\/2019\/02\/imagem-de-pol\u00edcia-civil-465x349.jpg 465w, https:\/\/4cantosalagoas.com.br\/portal\/wp-content\/uploads\/2019\/02\/imagem-de-pol\u00edcia-civil-667x500.jpg 667w\" sizes=\"(max-width: 955px) 100vw, 955px\" \/><figcaption>Assessoria<\/figcaption><\/figure>\n\n\n\n<p>Policiais Civis da Delegacia de Homic\u00eddios (DH) de Rio Largo deram cumprimento, na sexta-feira (3), a mandado de pris\u00e3o preventiva contra Felipe Cardoso da Silva, conhecido como \u201cInfrator\u201d. O mandado de pris\u00e3o foi expedido pela 3\u00aa Vara Criminal da Comarca de Rio Largo.<\/p>\n\n\n\n<p>O acusado foi denunciado pelo Minist\u00e9rio P\u00fablico por envolvimento na morte de Severino Terto da Silva, crime ocorrido no dia 13 de maio de 2018, no Conjunto Jarbas Oiticica, Rio Largo.<\/p>\n\n\n\n<p>A investiga\u00e7\u00e3o esclareceu que Felipe, em companhia de Rom\u00e1rio Elias da Silva, o \u201c\u00cdndio\u201d, preso no in\u00edcio deste ano, assassinou a v\u00edtima dentro da pr\u00f3pria casa, com diversos disparos na cabe\u00e7a.<\/p>\n\n\n\n<p>Os criminosos eram frequentadores da resid\u00eancia e, costumeiramente, faziam uso de drogas com a v\u00edtima, e resolveram assassin\u00e1-la porque desconfiavam que Severino estaria aliciando menores no bairro para com elas praticar atos libidinosos.<\/p>\n\n\n\n<p>A pris\u00e3o de Felipe \u00e9 mais uma a\u00e7\u00e3o contra as organiza\u00e7\u00f5es criminosas que atuam em Rio Largo.<\/p>\n\n\n\n<p>De acordo com o delegado Lucim\u00e9rio Campos, da DH de Rio Largo, o cumprimento de mandados de pris\u00e3o por homic\u00eddios cometidos no Conjunto Jarbas Oiticica, desde o ano de 2018, trouxe uma redu\u00e7\u00e3o sens\u00edvel das mortes violentas naquela localidade.<\/p>\n\n\n\n<p>\u201cInfrator\u201d fazia parte de organiza\u00e7\u00e3o criminosa composta Rom\u00e1rio Elias, Jaelson Barbosa da Silva e Kayo do Nascimento Magalh\u00e3es, conhecido como \u201cCabra\u201d, todos presos por envolvimento em assassinatos motivados por disputa entre fac\u00e7\u00f5es rivais.<\/p>\n\n\n\n<p>Felipe foi encaminhado ao sistema prisional e ficar\u00e1 \u00e0 disposi\u00e7\u00e3o da Justi\u00e7a criminal da Comarca de Rio Largo.<\/p>\n\n\n\n<p>Assessoria<\/p>\n","protected":false},"excerpt":{"rendered":"<p>Policiais Civis da Delegacia de Homic\u00eddios (DH) de Rio Largo deram cumprimento, na sexta-feira (3), a mandado<\/p>\n","protected":false},"author":1,"featured_media":6713,"comment_status":"open","ping_status":"open","sticky":false,"template":"","format":"standard","meta":{"footnotes":""},"categories":[60],"tags":[],"class_list":["post-7376","post","type-post","status-publish","format-standard","has-post-thumbnail","hentry","category-capa"],"_links":{"self":[{"href":"https:\/\/4cantosalagoas.com.br\/portal\/wp-json\/wp\/v2\/posts\/7376","targetHints":{"allow":["GET"]}}],"collection":[{"href":"https:\/\/4cantosalagoas.com.br\/portal\/wp-json\/wp\/v2\/posts"}],"about":[{"href":"https:\/\/4cantosalagoas.com.br\/portal\/wp-json\/wp\/v2\/types\/post"}],"author":[{"embeddable":true,"href":"https:\/\/4cantosalagoas.com.br\/portal\/wp-json\/wp\/v2\/users\/1"}],"replies":[{"embeddable":true,"href":"https:\/\/4cantosalagoas.com.br\/portal\/wp-json\/wp\/v2\/comments?post=7376"}],"version-history":[{"count":1,"href":"https:\/\/4cantosalagoas.com.br\/portal\/wp-json\/wp\/v2\/posts\/7376\/revisions"}],"predecessor-version":[{"id":7377,"href":"https:\/\/4cantosalagoas.com.br\/portal\/wp-json\/wp\/v2\/posts\/7376\/revisions\/7377"}],"wp:featuredmedia":[{"embeddable":true,"href":"https:\/\/4cantosalagoas.com.br\/portal\/wp-json\/wp\/v2\/media\/6713"}],"wp:attachment":[{"href":"https:\/\/4cantosalagoas.com.br\/portal\/wp-json\/wp\/v2\/media?parent=7376"}],"wp:term":[{"taxonomy":"category","embeddable":true,"href":"https:\/\/4cantosalagoas.com.br\/portal\/wp-json\/wp\/v2\/categories?post=7376"},{"taxonomy":"post_tag","embeddable":true,"href":"https:\/\/4cantosalagoas.com.br\/portal\/wp-json\/wp\/v2\/tags?post=7376"}],"curies":[{"name":"wp","href":"https:\/\/api.w.org\/{rel}","templated":true}]}}