{"id":7371,"date":"2019-05-06T14:04:39","date_gmt":"2019-05-06T17:04:39","guid":{"rendered":"http:\/\/4cantosalagoas.com.br\/portal\/?p=7371"},"modified":"2019-05-06T14:04:52","modified_gmt":"2019-05-06T17:04:52","slug":"jaragua-foi-inaugurado-centro-pesqueiro-de-maceio","status":"publish","type":"post","link":"https:\/\/4cantosalagoas.com.br\/portal\/jaragua-foi-inaugurado-centro-pesqueiro-de-maceio\/","title":{"rendered":"Jaragu\u00e1: foi inaugurado Centro Pesqueiro de Macei\u00f3"},"content":{"rendered":"\n<figure class=\"wp-block-image\"><img fetchpriority=\"high\" decoding=\"async\" width=\"1619\" height=\"1080\" src=\"https:\/\/i1.wp.com\/4cantosalagoas.com.br\/portal\/wp-content\/uploads\/2019\/05\/cetrstsr.jpg?fit=1024%2C683\" alt=\"\" class=\"wp-image-7372\" srcset=\"https:\/\/4cantosalagoas.com.br\/portal\/wp-content\/uploads\/2019\/05\/cetrstsr.jpg 1619w, https:\/\/4cantosalagoas.com.br\/portal\/wp-content\/uploads\/2019\/05\/cetrstsr-300x200.jpg 300w, https:\/\/4cantosalagoas.com.br\/portal\/wp-content\/uploads\/2019\/05\/cetrstsr-768x512.jpg 768w, https:\/\/4cantosalagoas.com.br\/portal\/wp-content\/uploads\/2019\/05\/cetrstsr-1024x683.jpg 1024w\" sizes=\"(max-width: 1619px) 100vw, 1619px\" \/><figcaption>Inaugura\u00e7\u00e3o do Centro Pesqueiro\rFoto:Marco Ant\u00f4nio\/Secom Macei\u00f3<\/figcaption><\/figure>\n\n\n\n<p>O prefeito Rui Palmeira entregou, na manh\u00e3 desta segunda-feira (6), o Centro Pesqueiro de Macei\u00f3, estrutura erguida onde era situada a antiga favela de Jaragu\u00e1, que vai promover melhores condi\u00e7\u00f5es de trabalho para os pescadores e proporcionar mais conforto e seguran\u00e7a para maceioenses e turistas que desejam comprar o pescado. O evento contou com a presen\u00e7a de autoridades, entre deputados, vereadores e secret\u00e1rios municipais.<\/p>\n\n\n\n<p>Para o prefeito Rui Palmeira o espa\u00e7o passa a ser um diferencial para a capital alagoana. \u201c\u00c9 um equipamento importante para a cidade, sobretudo, para os pescadores da antiga favela de Jaragu\u00e1, que v\u00e3o ter um local estruturado para o armazenamento e comercializa\u00e7\u00e3o do pescado\u201d, afirmou.<\/p>\n\n\n\n<p>\u201cN\u00e3o temos d\u00favidas de que o movimento aqui ser\u00e1 grande, pois os maceioenses e turistas poder\u00e3o comprar produtos fresquinhos, al\u00e9m de ver como funciona na pr\u00e1tica uma comunidade pesqueira, com oficinas, barcos sendo constru\u00eddos, confec\u00e7\u00e3o de rede de pesca, al\u00e9m da filetagem do peixe e do camar\u00e3o\u201d, ressaltou o prefeito.<\/p>\n\n\n\n<p>O espa\u00e7o foi estruturado com dep\u00f3sitos, estaleiros, mercado de peixe (com \u00e1rea de vendas e armazenamento), lanchonete, f\u00e1brica de gelo, oficinas \u2013 fabrica\u00e7\u00e3o e conserto das redes de pesca, fabrica\u00e7\u00e3o e conserto de leme, el\u00e9trica para barco e motor para barco, al\u00e9m de estacionamento para carros e bicicletas.<\/p>\n\n\n\n<p>\u201c\u00c9 um momento de alegria para a cidade como um todo. Esse espa\u00e7o mudar\u00e1 a vida de muitos que vivem do pescado aqui em Jaragu\u00e1 e os pescadores ter\u00e3o uma procura maior pelo seu produto. \u00c9 um momento especial para todos n\u00f3s\u201d, enfatizou o vice-prefeito e secret\u00e1rio de Assist\u00eancia Social, Marcelo Palmeira.<\/p>\n\n\n\n<p>Cerca de 300 pessoas ser\u00e3o beneficiadas diretamente com o trabalho no Centro e outras 1.000 de forma indireta.<\/p>\n\n\n\n<p>A Marisqueira Helenaide Maria da Silva aprovou o novo espa\u00e7o. \u201cEstamos agradecidas e acreditando na melhoria da nossa atividade, j\u00e1 que no local que estamos agora falta estrutura e condi\u00e7\u00f5es de limpeza para a comercializa\u00e7\u00e3o dos nossos produtos\u201d, disse ela.<\/p>\n\n\n\n<p>Sr. Jos\u00e9 C\u00edcero mora na comunidade e \u00e9 pescador desde crian\u00e7a. Para ele, a estrutura implantada pela Prefeitura de Macei\u00f3 vai trazer muitos benef\u00edcios para os pescadores. \u201cA estrutura ficou excelente e a nossa expectativa \u00e9 de que o movimento melhore. Pelo espa\u00e7o que estamos vendo, sem lama, com estacionamento amplo, tenho convic\u00e7\u00e3o que a popula\u00e7\u00e3o vai procurar nosso centro\u201d, frisou.<\/p>\n\n\n\n<figure class=\"wp-block-image\"><img decoding=\"async\" src=\"http:\/\/www.maceio.al.gov.br\/wp-content\/uploads\/2019\/05\/jpg\/2019\/05\/06MA-Inaugura%C3%A7%C3%A3o-do-Centro-Pesqueiro-105.jpg\" alt=\"\" class=\"wp-image-301612\"\/><\/figure>\n\n\n\n<p>O espa\u00e7o foi estruturado com dep\u00f3sitos, estaleiros, mercado de peixe, lanchonete, f\u00e1brica de gelo, al\u00e9m de oficinas. Foto: Marco Ant\u00f4nio\/Secom Macei\u00f3<\/p>\n\n\n\n<p>As obras do Centro Pesqueiro foram or\u00e7adas na ordem de R$ 10 milh\u00f5es, sendo quase 9 milh\u00f5es de recursos federais e mais de R$ 1 milh\u00e3o de contrapartida do Munic\u00edpio. O projeto foi elaborado em parceria com os moradores da antiga Favela do Jaragu\u00e1. Parte deles foi transferida, em 2012, para o Residencial Vila dos Pescadores, no Sobral.<\/p>\n\n\n\n<p>Em 2015, durante a primeira gest\u00e3o do prefeito Rui Palmeira, a antiga Favela de Jaragu\u00e1 foi desocupada e os moradores remanescentes foram transferidos para unidades habitacionais, para a constru\u00e7\u00e3o do Centro Pesqueiro.<\/p>\n\n\n\n<p>O secret\u00e1rio-adjunto de habita\u00e7\u00e3o e coordenador das equipes t\u00e9cnicas respons\u00e1veis pela condu\u00e7\u00e3o das obras e das a\u00e7\u00f5es sociais, Anderson Alencar, ressalta que o trabalho da Prefeitura de Macei\u00f3 come\u00e7ou com a transfer\u00eancia das 450 fam\u00edlias da antiga Favela do Jaragu\u00e1 para unidades habitacionais. \u201cAgora, esse centro vai dar condi\u00e7\u00f5es de trabalho para 300 pessoas, que v\u00e3o trabalhar diretamente no local. Pensamos em cada detalhe, desde o armazenamento dos materiais at\u00e9 a comercializa\u00e7\u00e3o do pescado\u201d, explicou.<\/p>\n\n\n\n<figure class=\"wp-block-image\"><img decoding=\"async\" src=\"http:\/\/www.maceio.al.gov.br\/wp-content\/uploads\/2019\/05\/jpg\/2019\/05\/06MA-Inaugura%C3%A7%C3%A3o-do-Centro-Pesqueiro-110.jpg\" alt=\"\" class=\"wp-image-301613\"\/><\/figure>\n\n\n\n<p>Local onde os produtos ser\u00e3o expostos. Foto:Marco Ant\u00f4nio\/Secom Macei\u00f3<\/p>\n\n\n\n<p>Segundo o titular da Secretaria Municipal de Turismo (Semtur), Jair Galv\u00e3o, o turismo tem muito a comemorar, j\u00e1 que a atual gest\u00e3o vem atuando desde a estrutura\u00e7\u00e3o da cidade at\u00e9 a promo\u00e7\u00e3o e divulga\u00e7\u00e3o do destino Macei\u00f3. Para ele, o Centro \u00e9 mais um passo no programa de diversifica\u00e7\u00e3o da oferta tur\u00edstica. \u201cEsse equipamento \u00e9 antes de tudo um grande servi\u00e7o \u00e0 popula\u00e7\u00e3o, especialmente \u00e0 comunidade tradicional pesqueira, e bom para o turismo, principalmente por estar t\u00e3o pr\u00f3ximo \u00e0 zona hoteleira e ao lado do Porto de Macei\u00f3, onde muitos visitantes desembarcam\u201d, enfatizou.<\/p>\n\n\n\n<p>A partir de agora ser\u00e3o realizadas capacita\u00e7\u00f5es para o uso adequado de cada equipamento como, por exemplo, a sala de filetagem de camar\u00e3o e a f\u00e1brica de gelo. A previs\u00e3o \u00e9 de que todas as atividades sejam transferidas para o novo Centro em 15 dias.<\/p>\n\n\n\n<p>Secom Macei\u00f3<\/p>\n","protected":false},"excerpt":{"rendered":"<p>O prefeito Rui Palmeira entregou, na manh\u00e3 desta segunda-feira (6), o Centro Pesqueiro de Macei\u00f3, estrutura erguida<\/p>\n","protected":false},"author":1,"featured_media":7372,"comment_status":"open","ping_status":"open","sticky":false,"template":"","format":"standard","meta":{"footnotes":""},"categories":[60],"tags":[],"class_list":["post-7371","post","type-post","status-publish","format-standard","has-post-thumbnail","hentry","category-capa"],"_links":{"self":[{"href":"https:\/\/4cantosalagoas.com.br\/portal\/wp-json\/wp\/v2\/posts\/7371","targetHints":{"allow":["GET"]}}],"collection":[{"href":"https:\/\/4cantosalagoas.com.br\/portal\/wp-json\/wp\/v2\/posts"}],"about":[{"href":"https:\/\/4cantosalagoas.com.br\/portal\/wp-json\/wp\/v2\/types\/post"}],"author":[{"embeddable":true,"href":"https:\/\/4cantosalagoas.com.br\/portal\/wp-json\/wp\/v2\/users\/1"}],"replies":[{"embeddable":true,"href":"https:\/\/4cantosalagoas.com.br\/portal\/wp-json\/wp\/v2\/comments?post=7371"}],"version-history":[{"count":1,"href":"https:\/\/4cantosalagoas.com.br\/portal\/wp-json\/wp\/v2\/posts\/7371\/revisions"}],"predecessor-version":[{"id":7373,"href":"https:\/\/4cantosalagoas.com.br\/portal\/wp-json\/wp\/v2\/posts\/7371\/revisions\/7373"}],"wp:featuredmedia":[{"embeddable":true,"href":"https:\/\/4cantosalagoas.com.br\/portal\/wp-json\/wp\/v2\/media\/7372"}],"wp:attachment":[{"href":"https:\/\/4cantosalagoas.com.br\/portal\/wp-json\/wp\/v2\/media?parent=7371"}],"wp:term":[{"taxonomy":"category","embeddable":true,"href":"https:\/\/4cantosalagoas.com.br\/portal\/wp-json\/wp\/v2\/categories?post=7371"},{"taxonomy":"post_tag","embeddable":true,"href":"https:\/\/4cantosalagoas.com.br\/portal\/wp-json\/wp\/v2\/tags?post=7371"}],"curies":[{"name":"wp","href":"https:\/\/api.w.org\/{rel}","templated":true}]}}