{"id":7331,"date":"2019-05-03T14:07:18","date_gmt":"2019-05-03T17:07:18","guid":{"rendered":"http:\/\/4cantosalagoas.com.br\/portal\/?p=7331"},"modified":"2019-05-03T14:07:28","modified_gmt":"2019-05-03T17:07:28","slug":"prefeito-rui-palmeira-inaugura-centro-pesqueiro-na-segunda","status":"publish","type":"post","link":"https:\/\/4cantosalagoas.com.br\/portal\/prefeito-rui-palmeira-inaugura-centro-pesqueiro-na-segunda\/","title":{"rendered":"Prefeito Rui Palmeira inaugura Centro Pesqueiro na segunda"},"content":{"rendered":"\n<figure class=\"wp-block-image\"><img fetchpriority=\"high\" decoding=\"async\" width=\"1024\" height=\"575\" src=\"https:\/\/i0.wp.com\/4cantosalagoas.com.br\/portal\/wp-content\/uploads\/2019\/05\/peste.jpg?fit=1024%2C575\" alt=\"\" class=\"wp-image-7332\" srcset=\"https:\/\/4cantosalagoas.com.br\/portal\/wp-content\/uploads\/2019\/05\/peste.jpg 1024w, https:\/\/4cantosalagoas.com.br\/portal\/wp-content\/uploads\/2019\/05\/peste-300x168.jpg 300w, https:\/\/4cantosalagoas.com.br\/portal\/wp-content\/uploads\/2019\/05\/peste-768x431.jpg 768w\" sizes=\"(max-width: 1024px) 100vw, 1024px\" \/><figcaption>Assessoria<\/figcaption><\/figure>\n\n\n\n<p>O prefeito Rui Palmeira inaugura, na pr\u00f3xima segunda-feira (6), as obras do Centro Pesqueiro de Macei\u00f3. A estrutura constru\u00edda em Jaragu\u00e1 vai promover melhores condi\u00e7\u00f5es de trabalho para os pescadores e mais conforto e seguran\u00e7a para maceioenses e turistas que desejam comprar o pescado.<\/p>\n\n\n\n<p>Na \u00faltima vistoria realizada pelo prefeito, no m\u00eas passado, Palmeira destacou que todos saem ganhando com a entrega do equipamento p\u00fablico, localizado ao lado da atual balan\u00e7a de Jaragu\u00e1 e bem pr\u00f3ximo do Porto de Macei\u00f3. \u201cSer\u00e1 um ganho para a comunidade que vai ter o Mercado do Peixe com todo o padr\u00e3o de qualidade com f\u00e1brica de gelo, estaleiro para os barcos e dep\u00f3sito para o material de pesca. Vai ser algo totalmente voltado para a comunidade pesqueira, mas ganha a cidade com um novo espa\u00e7o tur\u00edstico\u201d, frisou.<\/p>\n\n\n\n<p>As obras do Centro Pesqueiro foram or\u00e7adas na ordem de R$ 10 milh\u00f5es, sendo aproximadamente 9 milh\u00f5es de recursos federais e mais de R$ 1 milh\u00e3o de contrapartida do Munic\u00edpio. O projeto foi elaborado em parceria com os moradores da antiga Favela do Jaragu\u00e1. Parte deles foi transferida no ano de 2012 para o Residencial Vila dos Pescadores, no Sobral.<\/p>\n\n\n\n<p>Em 2015, durante a primeira gest\u00e3o do prefeito Rui Palmeira, a antiga Favela de Jaragu\u00e1 foi desocupada e os moradores remanescentes foram transferidos para unidades habitacionais, para a constru\u00e7\u00e3o do Centro Pesqueiro.<\/p>\n\n\n\n<p>Cerca de 300 pessoas ser\u00e3o beneficiadas diretamente com o trabalho no Centro e outras 1.000 de forma indireta.<\/p>\n\n\n\n<p>De acordo com o secret\u00e1rio-adjunto de habita\u00e7\u00e3o e coordenador das equipes t\u00e9cnicas respons\u00e1veis pela condu\u00e7\u00e3o das obras e das a\u00e7\u00f5es sociais, Anderson Alencar, os pescadores beneficiados foram mapeados, receberam capacita\u00e7\u00f5es e ainda v\u00e3o passar por treinamentos no local.<\/p>\n\n\n\n<p>\u201cJ\u00e1 realizamos oficinas com pescadores, marisqueiras e trabalhadores das oficinas e estaleiros. Agora, a partir da inaugura\u00e7\u00e3o, chega o momento das capacita\u00e7\u00f5es para o uso adequado da cada equipamento como, por exemplo, a sala de filetagem de camar\u00e3o, f\u00e1brica de gelo e outros espa\u00e7os que s\u00f3 poderiam ser utilizados com a conclus\u00e3o e entrega das obras\u201d, explicou.<\/p>\n\n\n\n<p><strong>Estrutura<\/strong><\/p>\n\n\n\n<p>A nova estrutura conta dep\u00f3sitos, estaleiros, mercado de peixe (com \u00e1rea de vendas e armazenamento), lanchonete, f\u00e1brica de gelo, oficinas \u2013 fabrica\u00e7\u00e3o e conserto das redes de pesca, fabrica\u00e7\u00e3o e conserto de leme e el\u00e9trica para barco e motor para barco, al\u00e9m de estacionamento para carros e bicicletas.<\/p>\n\n\n\n<p><strong>Servi\u00e7o<\/strong>:<\/p>\n\n\n\n<p>O qu\u00ea: Prefeito Inaugura Centro Pesqueiro<\/p>\n\n\n\n<p>Quando: Nesta segunda-feira, 06, \u00e0s 9h<\/p>\n\n\n\n<p>Onde: Jaragu\u00e1<\/p>\n\n\n\n<p>Ascom Sedet<\/p>\n","protected":false},"excerpt":{"rendered":"<p>O prefeito Rui Palmeira inaugura, na pr\u00f3xima segunda-feira (6), as obras do Centro Pesqueiro de Macei\u00f3. A<\/p>\n","protected":false},"author":1,"featured_media":7332,"comment_status":"open","ping_status":"open","sticky":false,"template":"","format":"standard","meta":{"footnotes":""},"categories":[5],"tags":[],"class_list":["post-7331","post","type-post","status-publish","format-standard","has-post-thumbnail","hentry","category-maceio"],"_links":{"self":[{"href":"https:\/\/4cantosalagoas.com.br\/portal\/wp-json\/wp\/v2\/posts\/7331","targetHints":{"allow":["GET"]}}],"collection":[{"href":"https:\/\/4cantosalagoas.com.br\/portal\/wp-json\/wp\/v2\/posts"}],"about":[{"href":"https:\/\/4cantosalagoas.com.br\/portal\/wp-json\/wp\/v2\/types\/post"}],"author":[{"embeddable":true,"href":"https:\/\/4cantosalagoas.com.br\/portal\/wp-json\/wp\/v2\/users\/1"}],"replies":[{"embeddable":true,"href":"https:\/\/4cantosalagoas.com.br\/portal\/wp-json\/wp\/v2\/comments?post=7331"}],"version-history":[{"count":1,"href":"https:\/\/4cantosalagoas.com.br\/portal\/wp-json\/wp\/v2\/posts\/7331\/revisions"}],"predecessor-version":[{"id":7333,"href":"https:\/\/4cantosalagoas.com.br\/portal\/wp-json\/wp\/v2\/posts\/7331\/revisions\/7333"}],"wp:featuredmedia":[{"embeddable":true,"href":"https:\/\/4cantosalagoas.com.br\/portal\/wp-json\/wp\/v2\/media\/7332"}],"wp:attachment":[{"href":"https:\/\/4cantosalagoas.com.br\/portal\/wp-json\/wp\/v2\/media?parent=7331"}],"wp:term":[{"taxonomy":"category","embeddable":true,"href":"https:\/\/4cantosalagoas.com.br\/portal\/wp-json\/wp\/v2\/categories?post=7331"},{"taxonomy":"post_tag","embeddable":true,"href":"https:\/\/4cantosalagoas.com.br\/portal\/wp-json\/wp\/v2\/tags?post=7331"}],"curies":[{"name":"wp","href":"https:\/\/api.w.org\/{rel}","templated":true}]}}