{"id":7219,"date":"2019-04-25T06:43:02","date_gmt":"2019-04-25T09:43:02","guid":{"rendered":"http:\/\/4cantosalagoas.com.br\/portal\/?p=7219"},"modified":"2019-04-25T06:43:11","modified_gmt":"2019-04-25T09:43:11","slug":"festa-literaria-do-graciliano-ramos-a-ii-fligraca-comeca-hoje","status":"publish","type":"post","link":"https:\/\/4cantosalagoas.com.br\/portal\/festa-literaria-do-graciliano-ramos-a-ii-fligraca-comeca-hoje\/","title":{"rendered":"Festa Liter\u00e1ria do Graciliano Ramos, a II Fligra\u00e7a come\u00e7a hoje"},"content":{"rendered":"\n<figure class=\"wp-block-image\"><img fetchpriority=\"high\" decoding=\"async\" width=\"1024\" height=\"683\" src=\"http:\/\/4cantosalagoas.com.br\/portal\/wp-content\/uploads\/2019\/04\/gra-1024x683.jpg\" alt=\"\" class=\"wp-image-7160\" srcset=\"https:\/\/4cantosalagoas.com.br\/portal\/wp-content\/uploads\/2019\/04\/gra.jpg 1024w, https:\/\/4cantosalagoas.com.br\/portal\/wp-content\/uploads\/2019\/04\/gra-300x200.jpg 300w, https:\/\/4cantosalagoas.com.br\/portal\/wp-content\/uploads\/2019\/04\/gra-768x512.jpg 768w\" sizes=\"(max-width: 1024px) 100vw, 1024px\" \/><figcaption>Assessoria<\/figcaption><\/figure>\n\n\n\n<p> A segunda edi\u00e7\u00e3o da Festa Liter\u00e1ria do Graciliano Ramos, a II Fligra\u00e7a, levar\u00e1 literatura e educa\u00e7\u00e3o para o bairro a partir desta quinta-feira (25). A a\u00e7\u00e3o, idealizada pela Associa\u00e7\u00e3o Cultural Alagoa do Sul, \u00e9 uma iniciativa da Associa\u00e7\u00e3o dos Moradores do Graciliano Ramos e do projeto Graciliano Vivo, com o apoio da Prefeitura de Macei\u00f3, por meio da Funda\u00e7\u00e3o Municipal de A\u00e7\u00e3o Cultural (Fmac). Dessa vez, os homenageados s\u00e3o o escritor Jayme de Altavila e o cantor e compositor Alceu Valen\u00e7a. <\/p>\n\n\n\n<p>Eleito o \u201cPr\u00edncipe dos Poetas Alagoanos\u201d em 1964, o mesmo t\u00edtulo ganho por Jorge de Lima em 1921, Jayme de Altavila destacou-se n\u00e3o s\u00f3 na Literatura, multifacetado que era, como tamb\u00e9m no estudo das leis e na pol\u00edtica. Autor de diversos livros, sendo o mais famoso deles, \u201cOrigem dos direitos dos povos\u201d, voltado ao conhecimento jur\u00eddico, comp\u00f4s a letra do atual hino do Clube de Regatas Brasil (CRB).<\/p>\n\n\n\n<p>Imortal da cadeira de n\u00famero 37 da Academia Alagoana de Letras, Jayme de Altavila atuou como secret\u00e1rio de Cultura de Alagoas durante o ano de 1998, al\u00e9m de ter sido membro do Conselho Municipal de Pol\u00edticas Culturais, da Prefeitura de Macei\u00f3, no ano de 2001. Em 1946, duas d\u00e9cadas antes de Jayme de Altavila ser eleito pr\u00edncipe, nascia em S\u00e3o Bento do Uma, Pernambuco, o cantor e compositor Alceu Valen\u00e7a.<\/p>\n\n\n\n<p>Ele, um dos maiores talentos da m\u00fasica brasileira em toda a sua hist\u00f3ria, dispensa apresenta\u00e7\u00f5es, mas percorreu estradas dif\u00edceis para alcan\u00e7ar o sucesso do qual \u00e9 dono: foi quase uma d\u00e9cada de vacas magras, de 1971, quando chegou ao Rio de Janeiro, at\u00e9 1980, quando lan\u00e7ou \u201cCora\u00e7\u00e3o Bobo\u201d e finalmente alcan\u00e7ou as paradas de sucesso. A partir de ent\u00e3o, al\u00e9m dos hits em sua trajet\u00f3ria, Alceu dedicou-se a outras aventuras: em 2016, por exemplo, dirigiu o longa-metragem \u201cA Luneta do Tempo\u201d, uma esp\u00e9cie de faroeste brasileiro, que fantasia e brinca com as figuras de Lampi\u00e3o e Maria Bonita.<\/p>\n\n\n\n<p><strong>II Fligra\u00e7a segue at\u00e9 o s\u00e1bado (27)<\/strong><\/p>\n\n\n\n<p>Com tr\u00eas dias de programa\u00e7\u00e3o cultural e educativa, a II Fligra\u00e7a ocupar\u00e1 a Pra\u00e7a Central do Graciliano Ramos, com apresenta\u00e7\u00f5es musicais, palestras e mesas redondas, artesanato, feira gastron\u00f4mica e muitas atra\u00e7\u00f5es. O evento segue at\u00e9 o pr\u00f3ximo s\u00e1bado (27).<\/p>\n\n\n\n<p>Mateus Magalh\u00e3es\/ Ascom Fmac<\/p>\n","protected":false},"excerpt":{"rendered":"<p>A segunda edi\u00e7\u00e3o da Festa Liter\u00e1ria do Graciliano Ramos, a II Fligra\u00e7a, levar\u00e1 literatura e educa\u00e7\u00e3o para<\/p>\n","protected":false},"author":1,"featured_media":7160,"comment_status":"open","ping_status":"open","sticky":false,"template":"","format":"standard","meta":{"footnotes":""},"categories":[60],"tags":[],"class_list":["post-7219","post","type-post","status-publish","format-standard","has-post-thumbnail","hentry","category-capa"],"_links":{"self":[{"href":"https:\/\/4cantosalagoas.com.br\/portal\/wp-json\/wp\/v2\/posts\/7219","targetHints":{"allow":["GET"]}}],"collection":[{"href":"https:\/\/4cantosalagoas.com.br\/portal\/wp-json\/wp\/v2\/posts"}],"about":[{"href":"https:\/\/4cantosalagoas.com.br\/portal\/wp-json\/wp\/v2\/types\/post"}],"author":[{"embeddable":true,"href":"https:\/\/4cantosalagoas.com.br\/portal\/wp-json\/wp\/v2\/users\/1"}],"replies":[{"embeddable":true,"href":"https:\/\/4cantosalagoas.com.br\/portal\/wp-json\/wp\/v2\/comments?post=7219"}],"version-history":[{"count":1,"href":"https:\/\/4cantosalagoas.com.br\/portal\/wp-json\/wp\/v2\/posts\/7219\/revisions"}],"predecessor-version":[{"id":7220,"href":"https:\/\/4cantosalagoas.com.br\/portal\/wp-json\/wp\/v2\/posts\/7219\/revisions\/7220"}],"wp:featuredmedia":[{"embeddable":true,"href":"https:\/\/4cantosalagoas.com.br\/portal\/wp-json\/wp\/v2\/media\/7160"}],"wp:attachment":[{"href":"https:\/\/4cantosalagoas.com.br\/portal\/wp-json\/wp\/v2\/media?parent=7219"}],"wp:term":[{"taxonomy":"category","embeddable":true,"href":"https:\/\/4cantosalagoas.com.br\/portal\/wp-json\/wp\/v2\/categories?post=7219"},{"taxonomy":"post_tag","embeddable":true,"href":"https:\/\/4cantosalagoas.com.br\/portal\/wp-json\/wp\/v2\/tags?post=7219"}],"curies":[{"name":"wp","href":"https:\/\/api.w.org\/{rel}","templated":true}]}}