{"id":7213,"date":"2019-04-25T06:30:23","date_gmt":"2019-04-25T09:30:23","guid":{"rendered":"http:\/\/4cantosalagoas.com.br\/portal\/?p=7213"},"modified":"2019-04-25T06:30:32","modified_gmt":"2019-04-25T09:30:32","slug":"prefeitura-lanca-parque-acessivel-com-acoes-de-inclusao","status":"publish","type":"post","link":"https:\/\/4cantosalagoas.com.br\/portal\/prefeitura-lanca-parque-acessivel-com-acoes-de-inclusao\/","title":{"rendered":"Prefeitura lan\u00e7a Parque Acess\u00edvel com a\u00e7\u00f5es de inclus\u00e3o"},"content":{"rendered":"\n<figure class=\"wp-block-image\"><img fetchpriority=\"high\" decoding=\"async\" width=\"430\" height=\"270\" src=\"http:\/\/4cantosalagoas.com.br\/portal\/wp-content\/uploads\/2019\/04\/pars.jpeg\" alt=\"\" class=\"wp-image-7214\" srcset=\"https:\/\/4cantosalagoas.com.br\/portal\/wp-content\/uploads\/2019\/04\/pars.jpeg 430w, https:\/\/4cantosalagoas.com.br\/portal\/wp-content\/uploads\/2019\/04\/pars-300x188.jpeg 300w\" sizes=\"(max-width: 430px) 100vw, 430px\" \/><figcaption>Assessoria<\/figcaption><\/figure>\n\n\n\n<p>A Prefeitura de Macei\u00f3 lan\u00e7a no pr\u00f3ximo dia 27, no Parque Municipal, um novo projeto para ampliar as a\u00e7\u00f5es de inclus\u00e3o na capital. Seguindo um formato semelhante ao Praia Acess\u00edvel, a Prefeitura iniciar\u00e1 neste s\u00e1bado o projeto Parque Acess\u00edvel, com trilha adaptada, bocha, aulas de capoeira e dan\u00e7a, oficina de pintura facial, al\u00e9m de recrea\u00e7\u00e3o infantil. As atividades s\u00e3o gratuitas, sem restri\u00e7\u00e3o de faixa et\u00e1ria, e est\u00e3o programadas a partir das 08 horas com a recep\u00e7\u00e3o dos participantes em um caf\u00e9 da manh\u00e3.<\/p>\n\n\n\n<p>O Parque Acess\u00edvel \u00e9 uma realiza\u00e7\u00e3o da Secretaria Municipal de Desenvolvimento Sustent\u00e1vel (Semds), que administra o Parque Municipal de Macei\u00f3, em parceria com a Secretaria Municipal de Esporte, Lazer e Juventude (Semelj), contando ainda com o apoio da faculdade Uninassau. Para facilitar o acesso \u00e0 reserva ambiental, situada no bairro de Bebedouro, ficar\u00e1 dispon\u00edvel um ve\u00edculo adaptado para transportar os participantes. O ponto de in\u00edcio do transporte ser\u00e1 na Pra\u00e7a Lucena Maranh\u00e3o, de onde o ve\u00edculo sair\u00e1 em dire\u00e7\u00e3o ao Parque Municipal com viagens a partir das 7h30.<\/p>\n\n\n\n<p>\u201cO Praia Acess\u00edvel j\u00e1 \u00e9 um projeto consolidado e de bastante sucesso, coordenado pela Semelj, e pensamos em um formato semelhante para o Parque, que \u00e9 um espa\u00e7o amplo e est\u00e1 dispon\u00edvel para receber todos os maceioenses e turistas. Agora, com esta iniciativa, ampliaremos as a\u00e7\u00f5es de inclus\u00e3o na reserva ambiental e realizaremos o projeto continuamente, sempre com foco nas atividades adaptadas \u00e0s pessoas com defici\u00eancia ou com alguma dificuldade de locomo\u00e7\u00e3o. Esta \u00e9 mais uma a\u00e7\u00e3o que entrar\u00e1 no cronograma do Parque Municipal\u201d, explica o secret\u00e1rio Gustavo Acioli Torres, da Semds.<\/p>\n\n\n\n<p>Titular da Semelj, Daniel Mello destaca a import\u00e2ncia da realiza\u00e7\u00e3o. \u201cA ideia \u00e9 realmente proporcionar uma edi\u00e7\u00e3o diferenciada do nosso projeto que acontece uma vez por m\u00eas na Praia da Paju\u00e7ara. Estamos sempre inovando, pensando no lazer e bem-estar, garantindo melhor qualidade de vida, tanto para as pessoas com defici\u00eancia como para seus familiares. Contamos com a participa\u00e7\u00e3o de todos em mais uma edi\u00e7\u00e3o\u201d, comenta o gestor.<\/p>\n\n\n\n<p><strong>Confira a programa\u00e7\u00e3o:<\/strong><\/p>\n\n\n\n<p>08h \u2013 Recep\u00e7\u00e3o com caf\u00e9 da manh\u00e3<\/p>\n\n\n\n<p>08h30 \u2013 Alongamento e aula de dan\u00e7a<\/p>\n\n\n\n<p>09h \u2013 Oficina de pintura facial e, em seguida, in\u00edcio da Trilha Aventura em dire\u00e7\u00e3o ao Viveiro de Mudas, onde haver\u00e1 distribui\u00e7\u00e3o de picol\u00e9s e aula de capoeira<\/p>\n\n\n\n<p>09h40 \u2013 Sa\u00edda com as crian\u00e7as para a Trilha Aventura<\/p>\n\n\n\n<p>10h40 \u2013 Aula de dan\u00e7a, bocha, pula pula, piscina de bolinhas e brincadeiras recreativas<\/p>\n\n\n\n<p>12h \u2013 Encerramento<\/p>\n\n\n\n<p>Lucas Alc\u00e2ntara\/ Ascom Semds<\/p>\n","protected":false},"excerpt":{"rendered":"<p>A Prefeitura de Macei\u00f3 lan\u00e7a no pr\u00f3ximo dia 27, no Parque Municipal, um novo projeto para ampliar<\/p>\n","protected":false},"author":1,"featured_media":7214,"comment_status":"open","ping_status":"open","sticky":false,"template":"","format":"standard","meta":{"footnotes":""},"categories":[60],"tags":[],"class_list":["post-7213","post","type-post","status-publish","format-standard","has-post-thumbnail","hentry","category-capa"],"_links":{"self":[{"href":"https:\/\/4cantosalagoas.com.br\/portal\/wp-json\/wp\/v2\/posts\/7213","targetHints":{"allow":["GET"]}}],"collection":[{"href":"https:\/\/4cantosalagoas.com.br\/portal\/wp-json\/wp\/v2\/posts"}],"about":[{"href":"https:\/\/4cantosalagoas.com.br\/portal\/wp-json\/wp\/v2\/types\/post"}],"author":[{"embeddable":true,"href":"https:\/\/4cantosalagoas.com.br\/portal\/wp-json\/wp\/v2\/users\/1"}],"replies":[{"embeddable":true,"href":"https:\/\/4cantosalagoas.com.br\/portal\/wp-json\/wp\/v2\/comments?post=7213"}],"version-history":[{"count":1,"href":"https:\/\/4cantosalagoas.com.br\/portal\/wp-json\/wp\/v2\/posts\/7213\/revisions"}],"predecessor-version":[{"id":7215,"href":"https:\/\/4cantosalagoas.com.br\/portal\/wp-json\/wp\/v2\/posts\/7213\/revisions\/7215"}],"wp:featuredmedia":[{"embeddable":true,"href":"https:\/\/4cantosalagoas.com.br\/portal\/wp-json\/wp\/v2\/media\/7214"}],"wp:attachment":[{"href":"https:\/\/4cantosalagoas.com.br\/portal\/wp-json\/wp\/v2\/media?parent=7213"}],"wp:term":[{"taxonomy":"category","embeddable":true,"href":"https:\/\/4cantosalagoas.com.br\/portal\/wp-json\/wp\/v2\/categories?post=7213"},{"taxonomy":"post_tag","embeddable":true,"href":"https:\/\/4cantosalagoas.com.br\/portal\/wp-json\/wp\/v2\/tags?post=7213"}],"curies":[{"name":"wp","href":"https:\/\/api.w.org\/{rel}","templated":true}]}}