{"id":7197,"date":"2019-04-24T06:33:03","date_gmt":"2019-04-24T09:33:03","guid":{"rendered":"http:\/\/4cantosalagoas.com.br\/portal\/?p=7197"},"modified":"2019-04-24T06:33:14","modified_gmt":"2019-04-24T09:33:14","slug":"violencia-homem-e-preso-apos-denuncia-de-agressao-contra-namorada","status":"publish","type":"post","link":"https:\/\/4cantosalagoas.com.br\/portal\/violencia-homem-e-preso-apos-denuncia-de-agressao-contra-namorada\/","title":{"rendered":"Viol\u00eancia: Homem \u00e9 preso ap\u00f3s den\u00fancia de agress\u00e3o contra namorada"},"content":{"rendered":"\n<figure class=\"wp-block-image\"><img fetchpriority=\"high\" decoding=\"async\" width=\"1280\" height=\"960\" src=\"https:\/\/i2.wp.com\/4cantosalagoas.com.br\/portal\/wp-content\/uploads\/2019\/04\/Foto-de-arma-apreendida-em-Murici.jpg?fit=1024%2C768\" alt=\"\" class=\"wp-image-7198\" srcset=\"https:\/\/4cantosalagoas.com.br\/portal\/wp-content\/uploads\/2019\/04\/Foto-de-arma-apreendida-em-Murici.jpg 1280w, https:\/\/4cantosalagoas.com.br\/portal\/wp-content\/uploads\/2019\/04\/Foto-de-arma-apreendida-em-Murici-300x225.jpg 300w, https:\/\/4cantosalagoas.com.br\/portal\/wp-content\/uploads\/2019\/04\/Foto-de-arma-apreendida-em-Murici-768x576.jpg 768w, https:\/\/4cantosalagoas.com.br\/portal\/wp-content\/uploads\/2019\/04\/Foto-de-arma-apreendida-em-Murici-1024x768.jpg 1024w\" sizes=\"(max-width: 1280px) 100vw, 1280px\" \/><figcaption> <br><em>Arma apreendida durante abordagem policial<\/em> <\/figcaption><\/figure>\n\n\n\n<p>Policiais civis da Delegacia de Murici efetuaram a pris\u00e3o de Tadeu Gomes de Vasconcelos, de 37 anos, na tarde desta \u00faltima ter\u00e7a-feira (23).<\/p>\n\n\n\n<p>De acordo com informa\u00e7\u00f5es do delegado Sidney Ten\u00f3rio, Tadeu Vasconcelos foi detido&nbsp;durante uma abordagem da Pol\u00edcia Civil, ap\u00f3s os policiais civis receberem uma den\u00fancia de que ele estava agredindo a namorada numa casa no Centro de Murici.<\/p>\n\n\n\n<p>Tadeu \u00e9 dono de uma loja de motos, e estava&nbsp;com uma pistola calibre 380 dentro de uma caminhonete L-200 Triton.<\/p>\n\n\n\n<p>\u201cAl\u00e9m de responder por porte ilegal de arma de fogo, Tadeu Vasconcelos vai responder ainda por inj\u00faria e vias de fato\u201d, frisou o delegado Sidney Ten\u00f3rio.<\/p>\n","protected":false},"excerpt":{"rendered":"<p>Policiais civis da Delegacia de Murici efetuaram a pris\u00e3o de Tadeu Gomes de Vasconcelos, de 37 anos,<\/p>\n","protected":false},"author":1,"featured_media":7198,"comment_status":"open","ping_status":"open","sticky":false,"template":"","format":"standard","meta":{"footnotes":""},"categories":[60],"tags":[],"class_list":["post-7197","post","type-post","status-publish","format-standard","has-post-thumbnail","hentry","category-capa"],"_links":{"self":[{"href":"https:\/\/4cantosalagoas.com.br\/portal\/wp-json\/wp\/v2\/posts\/7197","targetHints":{"allow":["GET"]}}],"collection":[{"href":"https:\/\/4cantosalagoas.com.br\/portal\/wp-json\/wp\/v2\/posts"}],"about":[{"href":"https:\/\/4cantosalagoas.com.br\/portal\/wp-json\/wp\/v2\/types\/post"}],"author":[{"embeddable":true,"href":"https:\/\/4cantosalagoas.com.br\/portal\/wp-json\/wp\/v2\/users\/1"}],"replies":[{"embeddable":true,"href":"https:\/\/4cantosalagoas.com.br\/portal\/wp-json\/wp\/v2\/comments?post=7197"}],"version-history":[{"count":1,"href":"https:\/\/4cantosalagoas.com.br\/portal\/wp-json\/wp\/v2\/posts\/7197\/revisions"}],"predecessor-version":[{"id":7199,"href":"https:\/\/4cantosalagoas.com.br\/portal\/wp-json\/wp\/v2\/posts\/7197\/revisions\/7199"}],"wp:featuredmedia":[{"embeddable":true,"href":"https:\/\/4cantosalagoas.com.br\/portal\/wp-json\/wp\/v2\/media\/7198"}],"wp:attachment":[{"href":"https:\/\/4cantosalagoas.com.br\/portal\/wp-json\/wp\/v2\/media?parent=7197"}],"wp:term":[{"taxonomy":"category","embeddable":true,"href":"https:\/\/4cantosalagoas.com.br\/portal\/wp-json\/wp\/v2\/categories?post=7197"},{"taxonomy":"post_tag","embeddable":true,"href":"https:\/\/4cantosalagoas.com.br\/portal\/wp-json\/wp\/v2\/tags?post=7197"}],"curies":[{"name":"wp","href":"https:\/\/api.w.org\/{rel}","templated":true}]}}