{"id":7135,"date":"2019-04-18T07:57:07","date_gmt":"2019-04-18T10:57:07","guid":{"rendered":"http:\/\/4cantosalagoas.com.br\/portal\/?p=7135"},"modified":"2019-04-19T08:25:43","modified_gmt":"2019-04-19T11:25:43","slug":"confira-a-previsao-do-tempo-para-a-semana-santa","status":"publish","type":"post","link":"https:\/\/4cantosalagoas.com.br\/portal\/confira-a-previsao-do-tempo-para-a-semana-santa\/","title":{"rendered":"Confira a previs\u00e3o do tempo para a Semana Santa"},"content":{"rendered":"\n<figure class=\"wp-block-image\"><img fetchpriority=\"high\" decoding=\"async\" width=\"936\" height=\"525\" src=\"http:\/\/4cantosalagoas.com.br\/portal\/wp-content\/uploads\/2019\/04\/ar4se.jpg\" alt=\"\" class=\"wp-image-7136\" srcset=\"https:\/\/4cantosalagoas.com.br\/portal\/wp-content\/uploads\/2019\/04\/ar4se.jpg 936w, https:\/\/4cantosalagoas.com.br\/portal\/wp-content\/uploads\/2019\/04\/ar4se-300x168.jpg 300w, https:\/\/4cantosalagoas.com.br\/portal\/wp-content\/uploads\/2019\/04\/ar4se-768x431.jpg 768w\" sizes=\"(max-width: 936px) 100vw, 936px\" \/><figcaption>Arquivo<\/figcaption><\/figure>\n\n\n\n<p>A Sala de Alerta da Secretaria de Estado de Meio Ambiente e Recursos H\u00eddricos (Semarh) divulgou o aviso meteorol\u00f3gico com a previs\u00e3o do tempo para a Semana Santa. O boletim informa que nesta quarta-feira (17) o tempo fica inst\u00e1vel com chuvas de intensidade fraca a moderada.<\/p>\n\n\n\n<p>O&nbsp;tempo volta a ficar seco nesta quinta-feira (18) e no feriado da Sexta-feira da Paix\u00e3o.&nbsp;O aviso&nbsp;explica que o tempo volta a ficar inst\u00e1vel com possibilidade de chuvas no s\u00e1bado (20) e no domingo (21).<\/p>\n\n\n\n<p>A Defesa Civil de Macei\u00f3 segue com o monitoramento e, qualquer altera\u00e7\u00e3o do tempo, o \u00f3rg\u00e3o manter\u00e1 a popula\u00e7\u00e3o informada por meio dos canais oficiais da Prefeitura de Macei\u00f3. Em casos de necessidade, a popula\u00e7\u00e3o deve acionar o Corpo de Bombeiros no n\u00famero 193.<\/p>\n\n\n\n<p>Secom Macei\u00f3<\/p>\n","protected":false},"excerpt":{"rendered":"<p>A Sala de Alerta da Secretaria de Estado de Meio Ambiente e Recursos H\u00eddricos (Semarh) divulgou o<\/p>\n","protected":false},"author":1,"featured_media":7136,"comment_status":"open","ping_status":"open","sticky":false,"template":"","format":"standard","meta":{"footnotes":""},"categories":[60,5],"tags":[],"class_list":["post-7135","post","type-post","status-publish","format-standard","has-post-thumbnail","hentry","category-capa","category-maceio"],"_links":{"self":[{"href":"https:\/\/4cantosalagoas.com.br\/portal\/wp-json\/wp\/v2\/posts\/7135","targetHints":{"allow":["GET"]}}],"collection":[{"href":"https:\/\/4cantosalagoas.com.br\/portal\/wp-json\/wp\/v2\/posts"}],"about":[{"href":"https:\/\/4cantosalagoas.com.br\/portal\/wp-json\/wp\/v2\/types\/post"}],"author":[{"embeddable":true,"href":"https:\/\/4cantosalagoas.com.br\/portal\/wp-json\/wp\/v2\/users\/1"}],"replies":[{"embeddable":true,"href":"https:\/\/4cantosalagoas.com.br\/portal\/wp-json\/wp\/v2\/comments?post=7135"}],"version-history":[{"count":1,"href":"https:\/\/4cantosalagoas.com.br\/portal\/wp-json\/wp\/v2\/posts\/7135\/revisions"}],"predecessor-version":[{"id":7137,"href":"https:\/\/4cantosalagoas.com.br\/portal\/wp-json\/wp\/v2\/posts\/7135\/revisions\/7137"}],"wp:featuredmedia":[{"embeddable":true,"href":"https:\/\/4cantosalagoas.com.br\/portal\/wp-json\/wp\/v2\/media\/7136"}],"wp:attachment":[{"href":"https:\/\/4cantosalagoas.com.br\/portal\/wp-json\/wp\/v2\/media?parent=7135"}],"wp:term":[{"taxonomy":"category","embeddable":true,"href":"https:\/\/4cantosalagoas.com.br\/portal\/wp-json\/wp\/v2\/categories?post=7135"},{"taxonomy":"post_tag","embeddable":true,"href":"https:\/\/4cantosalagoas.com.br\/portal\/wp-json\/wp\/v2\/tags?post=7135"}],"curies":[{"name":"wp","href":"https:\/\/api.w.org\/{rel}","templated":true}]}}