{"id":7111,"date":"2019-04-17T08:08:49","date_gmt":"2019-04-17T11:08:49","guid":{"rendered":"http:\/\/4cantosalagoas.com.br\/portal\/?p=7111"},"modified":"2019-04-17T08:10:07","modified_gmt":"2019-04-17T11:10:07","slug":"pascoa-confira-o-funcionamento-dos-orgaos-municipais","status":"publish","type":"post","link":"https:\/\/4cantosalagoas.com.br\/portal\/pascoa-confira-o-funcionamento-dos-orgaos-municipais\/","title":{"rendered":"P\u00e1scoa: confira o funcionamento dos \u00f3rg\u00e3os municipais"},"content":{"rendered":"\n<figure class=\"wp-block-image\"><img fetchpriority=\"high\" decoding=\"async\" width=\"462\" height=\"353\" src=\"http:\/\/4cantosalagoas.com.br\/portal\/wp-content\/uploads\/2019\/04\/abcpras.jpg\" alt=\"\" class=\"wp-image-7112\" srcset=\"https:\/\/4cantosalagoas.com.br\/portal\/wp-content\/uploads\/2019\/04\/abcpras.jpg 462w, https:\/\/4cantosalagoas.com.br\/portal\/wp-content\/uploads\/2019\/04\/abcpras-300x229.jpg 300w\" sizes=\"(max-width: 462px) 100vw, 462px\" \/><figcaption>Assessoria<\/figcaption><\/figure>\n\n\n\n<p>A Prefeitura de Macei\u00f3, por meio da Secretaria Municipal de Gest\u00e3o (Semge), informa que nesta quinta-feira (18) ser\u00e1 ponto facultativo no funcionalismo p\u00fablico municipal. J\u00e1 no feriado da Sexta-feira da Paix\u00e3o (19), n\u00e3o haver\u00e1 expediente nos servi\u00e7os das secretarias e \u00f3rg\u00e3os municipais. O atendimento ao p\u00fablico ser\u00e1 retomado na segunda-feira (22).<\/p>\n\n\n\n<p>Os mercados p\u00fablicos municipais e as feiras livres de Macei\u00f3 funcionar\u00e3o em hor\u00e1rio especial durante o feriado da Semana Santa.&nbsp;<a href=\"http:\/\/www.maceio.al.gov.br\/2019\/04\/mercados-e-feiras-funcionam-em-horario-especial-na-semana-santa\/\">Confira aqui<\/a>&nbsp;a programa\u00e7\u00e3o divulgada pela Secretaria Municipal do Trabalho, Abastecimento e Economia Solid\u00e1ria (Semtabes).<\/p>\n\n\n\n<p>A&nbsp;Secretaria Municipal de Esporte, Lazer e Juventude (Semelj) tamb\u00e9m divulgou&nbsp;<a href=\"http:\/\/www.maceio.al.gov.br\/2019\/04\/academia-maceio-e-outros-servicos-param-durante-semana-santa\/\">os servi\u00e7os suspensos na sexta-feira<\/a>.<\/p>\n\n\n\n<p>Secom Macei\u00f3<\/p>\n","protected":false},"excerpt":{"rendered":"<p>A Prefeitura de Macei\u00f3, por meio da Secretaria Municipal de Gest\u00e3o (Semge), informa que nesta quinta-feira (18)<\/p>\n","protected":false},"author":1,"featured_media":7112,"comment_status":"open","ping_status":"open","sticky":false,"template":"","format":"standard","meta":{"footnotes":""},"categories":[60],"tags":[],"class_list":["post-7111","post","type-post","status-publish","format-standard","has-post-thumbnail","hentry","category-capa"],"_links":{"self":[{"href":"https:\/\/4cantosalagoas.com.br\/portal\/wp-json\/wp\/v2\/posts\/7111","targetHints":{"allow":["GET"]}}],"collection":[{"href":"https:\/\/4cantosalagoas.com.br\/portal\/wp-json\/wp\/v2\/posts"}],"about":[{"href":"https:\/\/4cantosalagoas.com.br\/portal\/wp-json\/wp\/v2\/types\/post"}],"author":[{"embeddable":true,"href":"https:\/\/4cantosalagoas.com.br\/portal\/wp-json\/wp\/v2\/users\/1"}],"replies":[{"embeddable":true,"href":"https:\/\/4cantosalagoas.com.br\/portal\/wp-json\/wp\/v2\/comments?post=7111"}],"version-history":[{"count":1,"href":"https:\/\/4cantosalagoas.com.br\/portal\/wp-json\/wp\/v2\/posts\/7111\/revisions"}],"predecessor-version":[{"id":7113,"href":"https:\/\/4cantosalagoas.com.br\/portal\/wp-json\/wp\/v2\/posts\/7111\/revisions\/7113"}],"wp:featuredmedia":[{"embeddable":true,"href":"https:\/\/4cantosalagoas.com.br\/portal\/wp-json\/wp\/v2\/media\/7112"}],"wp:attachment":[{"href":"https:\/\/4cantosalagoas.com.br\/portal\/wp-json\/wp\/v2\/media?parent=7111"}],"wp:term":[{"taxonomy":"category","embeddable":true,"href":"https:\/\/4cantosalagoas.com.br\/portal\/wp-json\/wp\/v2\/categories?post=7111"},{"taxonomy":"post_tag","embeddable":true,"href":"https:\/\/4cantosalagoas.com.br\/portal\/wp-json\/wp\/v2\/tags?post=7111"}],"curies":[{"name":"wp","href":"https:\/\/api.w.org\/{rel}","templated":true}]}}