{"id":7057,"date":"2019-04-12T07:10:41","date_gmt":"2019-04-12T10:10:41","guid":{"rendered":"http:\/\/4cantosalagoas.com.br\/portal\/?p=7057"},"modified":"2019-04-12T07:10:51","modified_gmt":"2019-04-12T10:10:51","slug":"linha-105-jardim-petropolis-trapiche-tera-itinerario-modificado-neste-sabado-13","status":"publish","type":"post","link":"https:\/\/4cantosalagoas.com.br\/portal\/linha-105-jardim-petropolis-trapiche-tera-itinerario-modificado-neste-sabado-13\/","title":{"rendered":"Linha 105 \u2013 Jardim Petropolis\/Trapiche ter\u00e1 itiner\u00e1rio modificado neste s\u00e1bado (13)"},"content":{"rendered":"\n<figure class=\"wp-block-image\"><img fetchpriority=\"high\" decoding=\"async\" width=\"1024\" height=\"683\" src=\"https:\/\/i0.wp.com\/4cantosalagoas.com.br\/portal\/wp-content\/uploads\/2019\/04\/b32-1.jpg?fit=1024%2C683\" alt=\"\" class=\"wp-image-7058\" srcset=\"https:\/\/4cantosalagoas.com.br\/portal\/wp-content\/uploads\/2019\/04\/b32-1.jpg 1024w, https:\/\/4cantosalagoas.com.br\/portal\/wp-content\/uploads\/2019\/04\/b32-1-300x200.jpg 300w, https:\/\/4cantosalagoas.com.br\/portal\/wp-content\/uploads\/2019\/04\/b32-1-768x512.jpg 768w\" sizes=\"(max-width: 1024px) 100vw, 1024px\" \/><figcaption> <br>Com a Opera\u00e7\u00e3o Faixa Azul, SMTT contabilizou aumento no n\u00famero de passageiros. Foto: Pei Fon\/ Secom Macei\u00f3 <\/figcaption><\/figure>\n\n\n\n<p>A Superintend\u00eancia Municipal de Transportes e Tr\u00e2nsito (SMTT) informa aos usu\u00e1rios do Sistema Integrado de Mobilidade de Macei\u00f3 (SIMM) que, a partir do pr\u00f3ximo s\u00e1bado (13), a linha 105 \u2013 Jardim Petr\u00f3polis\/ Trapiche ter\u00e1 o seu ponto de partida alterado. J\u00e1 nos primeiros hor\u00e1rios da manh\u00e3, os coletivos passar\u00e3o a operar saindo do terminal de \u00f4nibus do Conjunto Salvador Lyra.<\/p>\n\n\n\n<p>O principal objetivo da mudan\u00e7a \u00e9 atender melhor os moradores e as pessoas que trabalham na regi\u00e3o do Salvador Lyra e que precisam se deslocar com maior agilidade at\u00e9 os seus destinos. Confira como fica o novo trajeto de ida e volta da linha 105 \u2013 Jardim Petr\u00f3polis\/ Trapiche.<\/p>\n\n\n\n<figure class=\"wp-block-image\"><img decoding=\"async\" src=\"http:\/\/www.maceio.al.gov.br\/wp-content\/uploads\/2019\/04\/png\/2019\/04\/mapa.png\" alt=\"\" class=\"wp-image-298447\"\/><\/figure>\n\n\n\n<p>Novo Itiner\u00e1rio da linha 105 \u2013 Jardim Petr\u00f3polis\/Trapiche<\/p>\n\n\n\n<p>\u201cAl\u00e9m de melhorar o atendimento aos usu\u00e1rios que utilizam a linha, a modifica\u00e7\u00e3o do percurso da linha tamb\u00e9m proporcionar\u00e1 mais seguran\u00e7a aos operadores. Com as viagens partindo de um terminal que possui uma estrutura mais adequada para a acomoda\u00e7\u00e3o de ve\u00edculos, como \u00e9 o caso do Salvador Lyra, a popula\u00e7\u00e3o ter\u00e1 mais conforto na hora do embarque nos coletivos\u201d, conta o coordenador de Controle do SIMM, Silvio Sarmento.<\/p>\n\n\n\n<p>Informativos sobre a mudan\u00e7a foram fixados nos coletivos e nos terminais de \u00f4nibus por onde passa a linha para que a popula\u00e7\u00e3o pudesse ser alertada da altera\u00e7\u00e3o.<\/p>\n\n\n\n<p>Ascom SMTT<\/p>\n","protected":false},"excerpt":{"rendered":"<p>A Superintend\u00eancia Municipal de Transportes e Tr\u00e2nsito (SMTT) informa aos usu\u00e1rios do Sistema Integrado de Mobilidade de<\/p>\n","protected":false},"author":1,"featured_media":7058,"comment_status":"open","ping_status":"open","sticky":false,"template":"","format":"standard","meta":{"footnotes":""},"categories":[60],"tags":[],"class_list":["post-7057","post","type-post","status-publish","format-standard","has-post-thumbnail","hentry","category-capa"],"_links":{"self":[{"href":"https:\/\/4cantosalagoas.com.br\/portal\/wp-json\/wp\/v2\/posts\/7057","targetHints":{"allow":["GET"]}}],"collection":[{"href":"https:\/\/4cantosalagoas.com.br\/portal\/wp-json\/wp\/v2\/posts"}],"about":[{"href":"https:\/\/4cantosalagoas.com.br\/portal\/wp-json\/wp\/v2\/types\/post"}],"author":[{"embeddable":true,"href":"https:\/\/4cantosalagoas.com.br\/portal\/wp-json\/wp\/v2\/users\/1"}],"replies":[{"embeddable":true,"href":"https:\/\/4cantosalagoas.com.br\/portal\/wp-json\/wp\/v2\/comments?post=7057"}],"version-history":[{"count":1,"href":"https:\/\/4cantosalagoas.com.br\/portal\/wp-json\/wp\/v2\/posts\/7057\/revisions"}],"predecessor-version":[{"id":7059,"href":"https:\/\/4cantosalagoas.com.br\/portal\/wp-json\/wp\/v2\/posts\/7057\/revisions\/7059"}],"wp:featuredmedia":[{"embeddable":true,"href":"https:\/\/4cantosalagoas.com.br\/portal\/wp-json\/wp\/v2\/media\/7058"}],"wp:attachment":[{"href":"https:\/\/4cantosalagoas.com.br\/portal\/wp-json\/wp\/v2\/media?parent=7057"}],"wp:term":[{"taxonomy":"category","embeddable":true,"href":"https:\/\/4cantosalagoas.com.br\/portal\/wp-json\/wp\/v2\/categories?post=7057"},{"taxonomy":"post_tag","embeddable":true,"href":"https:\/\/4cantosalagoas.com.br\/portal\/wp-json\/wp\/v2\/tags?post=7057"}],"curies":[{"name":"wp","href":"https:\/\/api.w.org\/{rel}","templated":true}]}}