{"id":7054,"date":"2019-04-12T06:39:33","date_gmt":"2019-04-12T09:39:33","guid":{"rendered":"http:\/\/4cantosalagoas.com.br\/portal\/?p=7054"},"modified":"2019-04-12T06:39:43","modified_gmt":"2019-04-12T09:39:43","slug":"feira-organica-na-praia-sera-no-domingo-14-na-orla-de-maceio","status":"publish","type":"post","link":"https:\/\/4cantosalagoas.com.br\/portal\/feira-organica-na-praia-sera-no-domingo-14-na-orla-de-maceio\/","title":{"rendered":"Feira Org\u00e2nica na Praia ser\u00e1 no domingo (14), na orla de Macei\u00f3"},"content":{"rendered":"\n<figure class=\"wp-block-image\"><img fetchpriority=\"high\" decoding=\"async\" width=\"1300\" height=\"864\" src=\"https:\/\/i2.wp.com\/4cantosalagoas.com.br\/portal\/wp-content\/uploads\/2019\/04\/28MA-Paju\u00e7ara-Rua-Fechada-4.jpg?fit=1024%2C681\" alt=\"\" class=\"wp-image-7055\" srcset=\"https:\/\/4cantosalagoas.com.br\/portal\/wp-content\/uploads\/2019\/04\/28MA-Paju\u00e7ara-Rua-Fechada-4.jpg 1300w, https:\/\/4cantosalagoas.com.br\/portal\/wp-content\/uploads\/2019\/04\/28MA-Paju\u00e7ara-Rua-Fechada-4-300x199.jpg 300w, https:\/\/4cantosalagoas.com.br\/portal\/wp-content\/uploads\/2019\/04\/28MA-Paju\u00e7ara-Rua-Fechada-4-768x510.jpg 768w, https:\/\/4cantosalagoas.com.br\/portal\/wp-content\/uploads\/2019\/04\/28MA-Paju\u00e7ara-Rua-Fechada-4-1024x681.jpg 1024w\" sizes=\"(max-width: 1300px) 100vw, 1300px\" \/><figcaption> <br>Rua Fechada da Ponta Verde. Foto: Marco Ant\u00f4nio\/Secom \u2013 Macei\u00f3 <\/figcaption><\/figure>\n","protected":false},"excerpt":{"rendered":"","protected":false},"author":1,"featured_media":7055,"comment_status":"open","ping_status":"open","sticky":false,"template":"","format":"standard","meta":{"footnotes":""},"categories":[60],"tags":[],"class_list":["post-7054","post","type-post","status-publish","format-standard","has-post-thumbnail","hentry","category-capa"],"_links":{"self":[{"href":"https:\/\/4cantosalagoas.com.br\/portal\/wp-json\/wp\/v2\/posts\/7054","targetHints":{"allow":["GET"]}}],"collection":[{"href":"https:\/\/4cantosalagoas.com.br\/portal\/wp-json\/wp\/v2\/posts"}],"about":[{"href":"https:\/\/4cantosalagoas.com.br\/portal\/wp-json\/wp\/v2\/types\/post"}],"author":[{"embeddable":true,"href":"https:\/\/4cantosalagoas.com.br\/portal\/wp-json\/wp\/v2\/users\/1"}],"replies":[{"embeddable":true,"href":"https:\/\/4cantosalagoas.com.br\/portal\/wp-json\/wp\/v2\/comments?post=7054"}],"version-history":[{"count":1,"href":"https:\/\/4cantosalagoas.com.br\/portal\/wp-json\/wp\/v2\/posts\/7054\/revisions"}],"predecessor-version":[{"id":7056,"href":"https:\/\/4cantosalagoas.com.br\/portal\/wp-json\/wp\/v2\/posts\/7054\/revisions\/7056"}],"wp:featuredmedia":[{"embeddable":true,"href":"https:\/\/4cantosalagoas.com.br\/portal\/wp-json\/wp\/v2\/media\/7055"}],"wp:attachment":[{"href":"https:\/\/4cantosalagoas.com.br\/portal\/wp-json\/wp\/v2\/media?parent=7054"}],"wp:term":[{"taxonomy":"category","embeddable":true,"href":"https:\/\/4cantosalagoas.com.br\/portal\/wp-json\/wp\/v2\/categories?post=7054"},{"taxonomy":"post_tag","embeddable":true,"href":"https:\/\/4cantosalagoas.com.br\/portal\/wp-json\/wp\/v2\/tags?post=7054"}],"curies":[{"name":"wp","href":"https:\/\/api.w.org\/{rel}","templated":true}]}}