{"id":7042,"date":"2019-04-11T15:05:38","date_gmt":"2019-04-11T18:05:38","guid":{"rendered":"http:\/\/4cantosalagoas.com.br\/portal\/?p=7042"},"modified":"2019-04-11T15:05:48","modified_gmt":"2019-04-11T18:05:48","slug":"van-de-transporte-escolar-e-carro-de-passeio-colidem-na-al-487","status":"publish","type":"post","link":"https:\/\/4cantosalagoas.com.br\/portal\/van-de-transporte-escolar-e-carro-de-passeio-colidem-na-al-487\/","title":{"rendered":"Van de transporte escolar e carro de passeio colidem na AL-487"},"content":{"rendered":"\n<figure class=\"wp-block-image\"><img fetchpriority=\"high\" decoding=\"async\" width=\"460\" height=\"320\" src=\"http:\/\/4cantosalagoas.com.br\/portal\/wp-content\/uploads\/2019\/04\/van.jpeg\" alt=\"\" class=\"wp-image-7043\" srcset=\"https:\/\/4cantosalagoas.com.br\/portal\/wp-content\/uploads\/2019\/04\/van.jpeg 460w, https:\/\/4cantosalagoas.com.br\/portal\/wp-content\/uploads\/2019\/04\/van-300x209.jpeg 300w\" sizes=\"(max-width: 460px) 100vw, 460px\" \/><figcaption>Reprodu\u00e7\u00e3o<\/figcaption><\/figure>\n\n\n\n<p>Um carro de passeio e uma van de transporte escolar colidiram, na manh\u00e3 desta quinta-feira (11), na rodovia AL-487, entre os munic\u00edpios de Girau do Ponciano e Traipu. No momento do acidente, a van levava alunos para Girau, mas nenhum deles sofreu ferimentos.<\/p>\n\n\n\n<p>Segundo informa\u00e7\u00f5es, o motorista do carro de passeio, um Peugeot 206 de cor escura, seguia na dire\u00e7\u00e3o do munic\u00edpio de Traipu, quando perdeu o controle do ve\u00edculo e invadiu a pista contr\u00e1ria. O motorista da van chegou a puxar o ve\u00edculo para o acostamento, mas n\u00e3o conseguiu evitar a colis\u00e3o e o Peugeot bateu na lateral do ve\u00edculo.<\/p>\n\n\n\n<p>A batida destruiu a frente do carro de passeio e o motorista sofreu alguns ferimentos, mas estava consciente quando os socorristas do Samu chegaram ao local e o imobilizaram. O transporte escolar saiu da pista, mas de acordo com informa\u00e7\u00f5es, os estudantes sa\u00edram ilesos. Eles foram levados para Girau do Ponciano em outros ve\u00edculos.<\/p>\n\n\n\n<p>O acidente aconteceu em um trecho da AL-487 considerado perigoso, com ladeiras e curvas, que prejudivam a visibilidade dos motoristas que passam pelo local.<\/p>\n\n\n\n<p>Fonte: 7segundos<\/p>\n","protected":false},"excerpt":{"rendered":"<p>Um carro de passeio e uma van de transporte escolar colidiram, na manh\u00e3 desta quinta-feira (11), na<\/p>\n","protected":false},"author":1,"featured_media":7043,"comment_status":"open","ping_status":"open","sticky":false,"template":"","format":"standard","meta":{"footnotes":""},"categories":[60],"tags":[],"class_list":["post-7042","post","type-post","status-publish","format-standard","has-post-thumbnail","hentry","category-capa"],"_links":{"self":[{"href":"https:\/\/4cantosalagoas.com.br\/portal\/wp-json\/wp\/v2\/posts\/7042","targetHints":{"allow":["GET"]}}],"collection":[{"href":"https:\/\/4cantosalagoas.com.br\/portal\/wp-json\/wp\/v2\/posts"}],"about":[{"href":"https:\/\/4cantosalagoas.com.br\/portal\/wp-json\/wp\/v2\/types\/post"}],"author":[{"embeddable":true,"href":"https:\/\/4cantosalagoas.com.br\/portal\/wp-json\/wp\/v2\/users\/1"}],"replies":[{"embeddable":true,"href":"https:\/\/4cantosalagoas.com.br\/portal\/wp-json\/wp\/v2\/comments?post=7042"}],"version-history":[{"count":1,"href":"https:\/\/4cantosalagoas.com.br\/portal\/wp-json\/wp\/v2\/posts\/7042\/revisions"}],"predecessor-version":[{"id":7044,"href":"https:\/\/4cantosalagoas.com.br\/portal\/wp-json\/wp\/v2\/posts\/7042\/revisions\/7044"}],"wp:featuredmedia":[{"embeddable":true,"href":"https:\/\/4cantosalagoas.com.br\/portal\/wp-json\/wp\/v2\/media\/7043"}],"wp:attachment":[{"href":"https:\/\/4cantosalagoas.com.br\/portal\/wp-json\/wp\/v2\/media?parent=7042"}],"wp:term":[{"taxonomy":"category","embeddable":true,"href":"https:\/\/4cantosalagoas.com.br\/portal\/wp-json\/wp\/v2\/categories?post=7042"},{"taxonomy":"post_tag","embeddable":true,"href":"https:\/\/4cantosalagoas.com.br\/portal\/wp-json\/wp\/v2\/tags?post=7042"}],"curies":[{"name":"wp","href":"https:\/\/api.w.org\/{rel}","templated":true}]}}