{"id":7033,"date":"2019-04-11T14:15:33","date_gmt":"2019-04-11T17:15:33","guid":{"rendered":"http:\/\/4cantosalagoas.com.br\/portal\/?p=7033"},"modified":"2019-04-11T14:15:42","modified_gmt":"2019-04-11T17:15:42","slug":"pc-divulga-video-de-assalto-contra-comerciante-em-maribondo","status":"publish","type":"post","link":"https:\/\/4cantosalagoas.com.br\/portal\/pc-divulga-video-de-assalto-contra-comerciante-em-maribondo\/","title":{"rendered":"PC divulga v\u00eddeo de assalto contra comerciante em Maribondo"},"content":{"rendered":"\n<figure class=\"wp-block-image\"><img fetchpriority=\"high\" decoding=\"async\" width=\"892\" height=\"491\" src=\"http:\/\/4cantosalagoas.com.br\/portal\/wp-content\/uploads\/2019\/04\/ppo.jpg\" alt=\"\" class=\"wp-image-7034\" srcset=\"https:\/\/4cantosalagoas.com.br\/portal\/wp-content\/uploads\/2019\/04\/ppo.jpg 892w, https:\/\/4cantosalagoas.com.br\/portal\/wp-content\/uploads\/2019\/04\/ppo-300x165.jpg 300w, https:\/\/4cantosalagoas.com.br\/portal\/wp-content\/uploads\/2019\/04\/ppo-768x423.jpg 768w\" sizes=\"(max-width: 892px) 100vw, 892px\" \/><figcaption>Reprodu\u00e7\u00e3o<\/figcaption><\/figure>\n\n\n\n<p>A Pol\u00edcia Civil de Alagoas, por meio do 101\u00ba Distrito Policial de Maribondo, divulgou nesta quinta-feira (11) imagens de um assalto, ocorrido no dia 19 de mar\u00e7o deste ano, por volta das 22h, a um estabelecimento comercial, situado na Avenida Arnon de Mello, no Centro daquela cidade.<\/p>\n\n\n\n<p>O v\u00eddeo mostra quando dois homens, um deles portando uma arma de fogo (rev\u00f3lver), rendem o propriet\u00e1rio do estabelecimento e levam seu aparelho celular e sua carteira com todos os documentos.<\/p>\n\n\n\n<p>Ao registrar o Boletim de Ocorr\u00eancia (BO), a v\u00edtima conta que, ap\u00f3s a a\u00e7\u00e3o criminosa, os dois acusados correram do local e a poucos metros j\u00e1 havia outro homem a espera dentro de um ve\u00edculo, no qual todos fugiram.<\/p>\n\n\n\n<p>O delegado Claudemiltkson Benemarcan solicita a quem tiver informa\u00e7\u00f5es sobre os assaltantes que aparecem nas imagens ligue para o disque den\u00fancia 181 ou para a delegacia de Maribondo \u2013 3270-1226.<\/p>\n\n\n\n<p>Veja v\u00eddeo aqui.  <br><a href=\"https:\/\/www.youtube.com\/watch?v=GSmFbwVfUDs\">https:\/\/www.youtube.com\/watch?v=GSmFbwVfUDs<\/a><\/p>\n\n\n\n<p>Assessoria<\/p>\n","protected":false},"excerpt":{"rendered":"<p>A Pol\u00edcia Civil de Alagoas, por meio do 101\u00ba Distrito Policial de Maribondo, divulgou nesta quinta-feira (11)<\/p>\n","protected":false},"author":1,"featured_media":7034,"comment_status":"open","ping_status":"open","sticky":false,"template":"","format":"standard","meta":{"footnotes":""},"categories":[60],"tags":[],"class_list":["post-7033","post","type-post","status-publish","format-standard","has-post-thumbnail","hentry","category-capa"],"_links":{"self":[{"href":"https:\/\/4cantosalagoas.com.br\/portal\/wp-json\/wp\/v2\/posts\/7033","targetHints":{"allow":["GET"]}}],"collection":[{"href":"https:\/\/4cantosalagoas.com.br\/portal\/wp-json\/wp\/v2\/posts"}],"about":[{"href":"https:\/\/4cantosalagoas.com.br\/portal\/wp-json\/wp\/v2\/types\/post"}],"author":[{"embeddable":true,"href":"https:\/\/4cantosalagoas.com.br\/portal\/wp-json\/wp\/v2\/users\/1"}],"replies":[{"embeddable":true,"href":"https:\/\/4cantosalagoas.com.br\/portal\/wp-json\/wp\/v2\/comments?post=7033"}],"version-history":[{"count":1,"href":"https:\/\/4cantosalagoas.com.br\/portal\/wp-json\/wp\/v2\/posts\/7033\/revisions"}],"predecessor-version":[{"id":7035,"href":"https:\/\/4cantosalagoas.com.br\/portal\/wp-json\/wp\/v2\/posts\/7033\/revisions\/7035"}],"wp:featuredmedia":[{"embeddable":true,"href":"https:\/\/4cantosalagoas.com.br\/portal\/wp-json\/wp\/v2\/media\/7034"}],"wp:attachment":[{"href":"https:\/\/4cantosalagoas.com.br\/portal\/wp-json\/wp\/v2\/media?parent=7033"}],"wp:term":[{"taxonomy":"category","embeddable":true,"href":"https:\/\/4cantosalagoas.com.br\/portal\/wp-json\/wp\/v2\/categories?post=7033"},{"taxonomy":"post_tag","embeddable":true,"href":"https:\/\/4cantosalagoas.com.br\/portal\/wp-json\/wp\/v2\/tags?post=7033"}],"curies":[{"name":"wp","href":"https:\/\/api.w.org\/{rel}","templated":true}]}}