{"id":6931,"date":"2019-04-06T14:02:38","date_gmt":"2019-04-06T17:02:38","guid":{"rendered":"http:\/\/4cantosalagoas.com.br\/portal\/?p=6931"},"modified":"2019-04-08T07:55:18","modified_gmt":"2019-04-08T10:55:18","slug":"caminhada-modifica-transito-da-parte-baixa-neste-domingo","status":"publish","type":"post","link":"https:\/\/4cantosalagoas.com.br\/portal\/caminhada-modifica-transito-da-parte-baixa-neste-domingo\/","title":{"rendered":"Caminhada modifica tr\u00e2nsito da parte baixa neste domingo"},"content":{"rendered":"\n<figure class=\"wp-block-image\"><img fetchpriority=\"high\" decoding=\"async\" width=\"1024\" height=\"683\" src=\"https:\/\/i1.wp.com\/4cantosalagoas.com.br\/portal\/wp-content\/uploads\/2019\/04\/camus.jpg?fit=1024%2C683\" alt=\"\" class=\"wp-image-6932\" srcset=\"https:\/\/4cantosalagoas.com.br\/portal\/wp-content\/uploads\/2019\/04\/camus.jpg 1024w, https:\/\/4cantosalagoas.com.br\/portal\/wp-content\/uploads\/2019\/04\/camus-300x200.jpg 300w, https:\/\/4cantosalagoas.com.br\/portal\/wp-content\/uploads\/2019\/04\/camus-768x512.jpg 768w\" sizes=\"(max-width: 1024px) 100vw, 1024px\" \/><\/figure>\n\n\n\n\n\n<p> Neste domingo (07), devido \u00e0 realiza\u00e7\u00e3o da Caminhada da Rede Feminina de Combate ao C\u00e2ncer, equipes da Superintend\u00eancia Municipal de Transportes e Tr\u00e2nsito (SMTT) modificar\u00e3o o tr\u00e2nsito da parte baixa de Macei\u00f3. <\/p>\n\n\n\n<p>O bloqueio acontecer\u00e1 no sentido Pontal \u2013 Paju\u00e7ara, das 6h30 \u00e0s 8h30. O trecho que ser\u00e1 interditado vai desde o museu Th\u00e9o Brand\u00e3o, no Centro, at\u00e9 \u00e0 Pra\u00e7a Multieventos, na Paju\u00e7ara.<\/p>\n\n\n\n<p>Durante a realiza\u00e7\u00e3o da caminhada, o fluxo de ve\u00edculos proveniente do bairro do Pontal da Barra ser\u00e1 desviado para a Rua do Imperador, no Centro.<\/p>\n\n\n\n<p>Agentes da SMTT estar\u00e3o no local para prestar informa\u00e7\u00f5es aos condutores e pedestres, al\u00e9m de garantir o apoio vi\u00e1rio durante a realiza\u00e7\u00e3o do evento.<\/p>\n\n\n\n<p>Ascom SMTT<\/p>\n","protected":false},"excerpt":{"rendered":"<p>Neste domingo (07), devido \u00e0 realiza\u00e7\u00e3o da Caminhada da Rede Feminina de Combate ao C\u00e2ncer, equipes da<\/p>\n","protected":false},"author":1,"featured_media":6932,"comment_status":"open","ping_status":"open","sticky":false,"template":"","format":"standard","meta":{"footnotes":""},"categories":[4],"tags":[],"class_list":["post-6931","post","type-post","status-publish","format-standard","has-post-thumbnail","hentry","category-noticias"],"_links":{"self":[{"href":"https:\/\/4cantosalagoas.com.br\/portal\/wp-json\/wp\/v2\/posts\/6931","targetHints":{"allow":["GET"]}}],"collection":[{"href":"https:\/\/4cantosalagoas.com.br\/portal\/wp-json\/wp\/v2\/posts"}],"about":[{"href":"https:\/\/4cantosalagoas.com.br\/portal\/wp-json\/wp\/v2\/types\/post"}],"author":[{"embeddable":true,"href":"https:\/\/4cantosalagoas.com.br\/portal\/wp-json\/wp\/v2\/users\/1"}],"replies":[{"embeddable":true,"href":"https:\/\/4cantosalagoas.com.br\/portal\/wp-json\/wp\/v2\/comments?post=6931"}],"version-history":[{"count":1,"href":"https:\/\/4cantosalagoas.com.br\/portal\/wp-json\/wp\/v2\/posts\/6931\/revisions"}],"predecessor-version":[{"id":6935,"href":"https:\/\/4cantosalagoas.com.br\/portal\/wp-json\/wp\/v2\/posts\/6931\/revisions\/6935"}],"wp:featuredmedia":[{"embeddable":true,"href":"https:\/\/4cantosalagoas.com.br\/portal\/wp-json\/wp\/v2\/media\/6932"}],"wp:attachment":[{"href":"https:\/\/4cantosalagoas.com.br\/portal\/wp-json\/wp\/v2\/media?parent=6931"}],"wp:term":[{"taxonomy":"category","embeddable":true,"href":"https:\/\/4cantosalagoas.com.br\/portal\/wp-json\/wp\/v2\/categories?post=6931"},{"taxonomy":"post_tag","embeddable":true,"href":"https:\/\/4cantosalagoas.com.br\/portal\/wp-json\/wp\/v2\/tags?post=6931"}],"curies":[{"name":"wp","href":"https:\/\/api.w.org\/{rel}","templated":true}]}}