{"id":6754,"date":"2019-03-06T08:43:26","date_gmt":"2019-03-06T11:43:26","guid":{"rendered":"http:\/\/4cantosalagoas.com.br\/portal\/?p=6754"},"modified":"2019-03-06T08:43:26","modified_gmt":"2019-03-06T11:43:26","slug":"colisao-traseira-provoca-capotamento-de-veiculo-no-sertao","status":"publish","type":"post","link":"https:\/\/4cantosalagoas.com.br\/portal\/colisao-traseira-provoca-capotamento-de-veiculo-no-sertao\/","title":{"rendered":"Colis\u00e3o traseira provoca capotamento de ve\u00edculo no Sert\u00e3o"},"content":{"rendered":"<figure id=\"attachment_6755\" aria-describedby=\"caption-attachment-6755\" style=\"width: 300px\" class=\"wp-caption alignleft\"><img fetchpriority=\"high\" decoding=\"async\" class=\"size-medium wp-image-6755\" src=\"http:\/\/4cantosalagoas.com.br\/portal\/wp-content\/uploads\/2019\/03\/bababtsr-300x209.jpeg\" alt=\"\" width=\"300\" height=\"209\" srcset=\"https:\/\/4cantosalagoas.com.br\/portal\/wp-content\/uploads\/2019\/03\/bababtsr-300x209.jpeg 300w, https:\/\/4cantosalagoas.com.br\/portal\/wp-content\/uploads\/2019\/03\/bababtsr-375x261.jpeg 375w, https:\/\/4cantosalagoas.com.br\/portal\/wp-content\/uploads\/2019\/03\/bababtsr-360x250.jpeg 360w, https:\/\/4cantosalagoas.com.br\/portal\/wp-content\/uploads\/2019\/03\/bababtsr.jpeg 460w\" sizes=\"(max-width: 300px) 100vw, 300px\" \/><figcaption id=\"caption-attachment-6755\" class=\"wp-caption-text\">Acidente aconteceu na BR 316, em Santana do Ipanema<br \/>Cortesia CBMAL<\/figcaption><\/figure>\n<p>Uma colis\u00e3o envolvendo uma motocicleta e um carro na manh\u00e3 desta quarta-feira (6), resultou no capotamento do ve\u00edculo. O acidente foi registrado na BR 316, no Povoado Areia Branca, em Santana do Ipanema, no Sert\u00e3o alagoano.<\/p>\n<p>De acordo com a equipe do Corpo de Bombeiros Militar de Alagoas (CBMAL) que prestou os primeiros socorros \u00e0s v\u00edtimas, o condutor da motocicleta CG Honda com placa ORK 7906, \u00e9 um homem de 52 anos que reside em Arapiraca. A identidade dele n\u00e3o foi revelada.<\/p>\n<p>J\u00e1 o condutor do autom\u00f3vel, uma Saveiro de cor vermelha e placa MUH 6361, teve v\u00e1rias escoria\u00e7\u00f5es e suspeita de fratura nos membros superior e inferior esquerdo.<\/p>\n<p>Uma equipe do Samu encaminhou as v\u00edtimas ao Hospital Clodolfo Rodrigues, em Santana do Ipanema.<\/p>\n<p>fonte: 7segundos<\/p>\n","protected":false},"excerpt":{"rendered":"<p>Uma colis\u00e3o envolvendo uma motocicleta e um carro na manh\u00e3 desta quarta-feira (6), resultou no capotamento do<\/p>\n","protected":false},"author":1,"featured_media":6755,"comment_status":"open","ping_status":"open","sticky":false,"template":"","format":"standard","meta":{"footnotes":""},"categories":[60],"tags":[],"class_list":["post-6754","post","type-post","status-publish","format-standard","has-post-thumbnail","hentry","category-capa"],"_links":{"self":[{"href":"https:\/\/4cantosalagoas.com.br\/portal\/wp-json\/wp\/v2\/posts\/6754","targetHints":{"allow":["GET"]}}],"collection":[{"href":"https:\/\/4cantosalagoas.com.br\/portal\/wp-json\/wp\/v2\/posts"}],"about":[{"href":"https:\/\/4cantosalagoas.com.br\/portal\/wp-json\/wp\/v2\/types\/post"}],"author":[{"embeddable":true,"href":"https:\/\/4cantosalagoas.com.br\/portal\/wp-json\/wp\/v2\/users\/1"}],"replies":[{"embeddable":true,"href":"https:\/\/4cantosalagoas.com.br\/portal\/wp-json\/wp\/v2\/comments?post=6754"}],"version-history":[{"count":1,"href":"https:\/\/4cantosalagoas.com.br\/portal\/wp-json\/wp\/v2\/posts\/6754\/revisions"}],"predecessor-version":[{"id":6756,"href":"https:\/\/4cantosalagoas.com.br\/portal\/wp-json\/wp\/v2\/posts\/6754\/revisions\/6756"}],"wp:featuredmedia":[{"embeddable":true,"href":"https:\/\/4cantosalagoas.com.br\/portal\/wp-json\/wp\/v2\/media\/6755"}],"wp:attachment":[{"href":"https:\/\/4cantosalagoas.com.br\/portal\/wp-json\/wp\/v2\/media?parent=6754"}],"wp:term":[{"taxonomy":"category","embeddable":true,"href":"https:\/\/4cantosalagoas.com.br\/portal\/wp-json\/wp\/v2\/categories?post=6754"},{"taxonomy":"post_tag","embeddable":true,"href":"https:\/\/4cantosalagoas.com.br\/portal\/wp-json\/wp\/v2\/tags?post=6754"}],"curies":[{"name":"wp","href":"https:\/\/api.w.org\/{rel}","templated":true}]}}