{"id":6745,"date":"2019-03-02T08:42:59","date_gmt":"2019-03-02T11:42:59","guid":{"rendered":"http:\/\/4cantosalagoas.com.br\/portal\/?p=6745"},"modified":"2019-03-02T08:42:59","modified_gmt":"2019-03-02T11:42:59","slug":"carnaval-pontal-da-barra-tera-pagode-axe-e-frevo","status":"publish","type":"post","link":"https:\/\/4cantosalagoas.com.br\/portal\/carnaval-pontal-da-barra-tera-pagode-axe-e-frevo\/","title":{"rendered":"Carnaval: Pontal da Barra ter\u00e1 pagode, ax\u00e9 e frevo"},"content":{"rendered":"<figure id=\"attachment_6746\" aria-describedby=\"caption-attachment-6746\" style=\"width: 300px\" class=\"wp-caption alignleft\"><img fetchpriority=\"high\" decoding=\"async\" class=\"size-medium wp-image-6746\" src=\"http:\/\/4cantosalagoas.com.br\/portal\/wp-content\/uploads\/2019\/03\/ponttt-300x200.jpg\" alt=\"\" width=\"300\" height=\"200\" srcset=\"https:\/\/4cantosalagoas.com.br\/portal\/wp-content\/uploads\/2019\/03\/ponttt-300x200.jpg 300w, https:\/\/4cantosalagoas.com.br\/portal\/wp-content\/uploads\/2019\/03\/ponttt-768x512.jpg 768w, https:\/\/4cantosalagoas.com.br\/portal\/wp-content\/uploads\/2019\/03\/ponttt.jpg 1024w, https:\/\/4cantosalagoas.com.br\/portal\/wp-content\/uploads\/2019\/03\/ponttt-375x250.jpg 375w, https:\/\/4cantosalagoas.com.br\/portal\/wp-content\/uploads\/2019\/03\/ponttt-465x310.jpg 465w, https:\/\/4cantosalagoas.com.br\/portal\/wp-content\/uploads\/2019\/03\/ponttt-695x464.jpg 695w, https:\/\/4cantosalagoas.com.br\/portal\/wp-content\/uploads\/2019\/03\/ponttt-272x182.jpg 272w\" sizes=\"(max-width: 300px) 100vw, 300px\" \/><figcaption id=\"caption-attachment-6746\" class=\"wp-caption-text\">Carnaval 2016 \u2013 Muito frevo marcou o carnaval no Pontal da Barra. Foto: Pei Fon\/ Secom Macei\u00f3<\/figcaption><\/figure>\n<p>O Pontal da Barra, hist\u00f3rico bairro da cidade, ser\u00e1 um dos oito polos carnavalescos, viabilizados pela Prefeitura de Macei\u00f3, por meio da Funda\u00e7\u00e3o Municipal de A\u00e7\u00e3o Cultural (FMAC). A festa por l\u00e1 tem in\u00edcio no s\u00e1bado (2), na Pra\u00e7a Caio Porto, onde permanece at\u00e9 a ter\u00e7a-feira (5).<\/p>\n<p>O pagode dos Mullekes do Samba, a partir das 21h30 do s\u00e1bado (2), ser\u00e1 o respons\u00e1vel por abrir os trabalhos no Polo Pontal, com muita anima\u00e7\u00e3o e um repert\u00f3rio de grandes sucessos do g\u00eanero e de m\u00fasicas autorais. \u00c0 meia-noite, Mauro Pancad\u00e3o assume o palco e promete colocar todo mundo na dan\u00e7a com o seu ax\u00e9.<\/p>\n<p>No domingo (3), a folia come\u00e7a \u00e0 tarde, \u00e0s 13h, com o desfile do bloco Vermelho e Branco, acompanhado pela orquestra Filhos da Terra, saindo da Pra\u00e7a Quit\u00e9ria dos Santos. \u00c0 noite, \u00e0s 21h30, H\u00f4 Bonde d\u00e1 in\u00edcio \u00e0 programa\u00e7\u00e3o musical, seguido por Mister Shake, que sobe ao palco \u00e0s 00h.<\/p>\n<p>O repert\u00f3rio de Ivana Pink \u00e9 o que d\u00e1 in\u00edcio aos festejos na segunda-feira (4), a partir das 21h30. Depois dela, sobem ao palco os Mullekes do Samba, para realizar sua segunda apresenta\u00e7\u00e3o, j\u00e1 entrando na reta final do Carnaval. A ter\u00e7a-feira (5), \u00faltimo dia do Polo Pontal, come\u00e7a com o forr\u00f3 da Balada Prime, novamente \u00e0s 21h30. Mauro Pancad\u00e3o, \u00e0s 00h, \u00e9 quem fechar\u00e1 o Carnaval de 2019 na Pra\u00e7a Caio Porto.<\/p>\n<p>Confira\u00a0<a href=\"http:\/\/www.maceio.al.gov.br\/2019\/02\/maceio-tera-programacao-em-oito-polos-durante-o-carnaval-confira\/\"><strong>aqui<\/strong><\/a>\u00a0a programa\u00e7\u00e3o completa.<\/p>\n<p>Mateus Magalh\u00e3es (estagi\u00e1rio)\/ Ascom FMAC<\/p>\n","protected":false},"excerpt":{"rendered":"<p>O Pontal da Barra, hist\u00f3rico bairro da cidade, ser\u00e1 um dos oito polos carnavalescos, viabilizados pela Prefeitura<\/p>\n","protected":false},"author":1,"featured_media":6746,"comment_status":"open","ping_status":"open","sticky":false,"template":"","format":"standard","meta":{"footnotes":""},"categories":[60],"tags":[],"class_list":["post-6745","post","type-post","status-publish","format-standard","has-post-thumbnail","hentry","category-capa"],"_links":{"self":[{"href":"https:\/\/4cantosalagoas.com.br\/portal\/wp-json\/wp\/v2\/posts\/6745","targetHints":{"allow":["GET"]}}],"collection":[{"href":"https:\/\/4cantosalagoas.com.br\/portal\/wp-json\/wp\/v2\/posts"}],"about":[{"href":"https:\/\/4cantosalagoas.com.br\/portal\/wp-json\/wp\/v2\/types\/post"}],"author":[{"embeddable":true,"href":"https:\/\/4cantosalagoas.com.br\/portal\/wp-json\/wp\/v2\/users\/1"}],"replies":[{"embeddable":true,"href":"https:\/\/4cantosalagoas.com.br\/portal\/wp-json\/wp\/v2\/comments?post=6745"}],"version-history":[{"count":1,"href":"https:\/\/4cantosalagoas.com.br\/portal\/wp-json\/wp\/v2\/posts\/6745\/revisions"}],"predecessor-version":[{"id":6747,"href":"https:\/\/4cantosalagoas.com.br\/portal\/wp-json\/wp\/v2\/posts\/6745\/revisions\/6747"}],"wp:featuredmedia":[{"embeddable":true,"href":"https:\/\/4cantosalagoas.com.br\/portal\/wp-json\/wp\/v2\/media\/6746"}],"wp:attachment":[{"href":"https:\/\/4cantosalagoas.com.br\/portal\/wp-json\/wp\/v2\/media?parent=6745"}],"wp:term":[{"taxonomy":"category","embeddable":true,"href":"https:\/\/4cantosalagoas.com.br\/portal\/wp-json\/wp\/v2\/categories?post=6745"},{"taxonomy":"post_tag","embeddable":true,"href":"https:\/\/4cantosalagoas.com.br\/portal\/wp-json\/wp\/v2\/tags?post=6745"}],"curies":[{"name":"wp","href":"https:\/\/api.w.org\/{rel}","templated":true}]}}