{"id":6692,"date":"2019-02-27T06:47:06","date_gmt":"2019-02-27T09:47:06","guid":{"rendered":"http:\/\/4cantosalagoas.com.br\/portal\/?p=6692"},"modified":"2019-02-27T06:47:06","modified_gmt":"2019-02-27T09:47:06","slug":"arquidiocese-de-maceio-divulga-programacao-do-retiro-de-carnaval","status":"publish","type":"post","link":"https:\/\/4cantosalagoas.com.br\/portal\/arquidiocese-de-maceio-divulga-programacao-do-retiro-de-carnaval\/","title":{"rendered":"Arquidiocese de Macei\u00f3 divulga programa\u00e7\u00e3o do Retiro de Carnaval"},"content":{"rendered":"<figure id=\"attachment_6693\" aria-describedby=\"caption-attachment-6693\" style=\"width: 300px\" class=\"wp-caption alignleft\"><img fetchpriority=\"high\" decoding=\"async\" class=\"size-medium wp-image-6693\" src=\"http:\/\/4cantosalagoas.com.br\/portal\/wp-content\/uploads\/2019\/02\/abca54ser-300x300.jpg\" alt=\"\" width=\"300\" height=\"300\" srcset=\"https:\/\/4cantosalagoas.com.br\/portal\/wp-content\/uploads\/2019\/02\/abca54ser-300x300.jpg 300w, https:\/\/4cantosalagoas.com.br\/portal\/wp-content\/uploads\/2019\/02\/abca54ser-150x150.jpg 150w, https:\/\/4cantosalagoas.com.br\/portal\/wp-content\/uploads\/2019\/02\/abca54ser-768x766.jpg 768w, https:\/\/4cantosalagoas.com.br\/portal\/wp-content\/uploads\/2019\/02\/abca54ser-80x80.jpg 80w, https:\/\/4cantosalagoas.com.br\/portal\/wp-content\/uploads\/2019\/02\/abca54ser-375x374.jpg 375w, https:\/\/4cantosalagoas.com.br\/portal\/wp-content\/uploads\/2019\/02\/abca54ser-465x464.jpg 465w, https:\/\/4cantosalagoas.com.br\/portal\/wp-content\/uploads\/2019\/02\/abca54ser-501x500.jpg 501w, https:\/\/4cantosalagoas.com.br\/portal\/wp-content\/uploads\/2019\/02\/abca54ser-45x45.jpg 45w, https:\/\/4cantosalagoas.com.br\/portal\/wp-content\/uploads\/2019\/02\/abca54ser.jpg 799w\" sizes=\"(max-width: 300px) 100vw, 300px\" \/><figcaption id=\"caption-attachment-6693\" class=\"wp-caption-text\">Assessoria<\/figcaption><\/figure>\n<p>Em comemora\u00e7\u00e3o ao Centen\u00e1rio da Arquidiocese de Macei\u00f3, os fi\u00e9is v\u00e3o estar reunidos, entre 02 e 05 de mar\u00e7o, no Retiro Arquidiocesano de Carnaval, no Santu\u00e1rio Virgem dos Pobres, no bairro de Mangabeiras. O evento \u00e9 preparado pela Comiss\u00e3o Central do Centen\u00e1rio, Renova\u00e7\u00e3o Carism\u00e1tica Cat\u00f3lica e Fraternidade das Novas Comunidades (Francal). As inscri\u00e7\u00f5es podem ser realizadas nas par\u00f3quias e com as Novas Comunidades.<\/p>\n<p>Missa, adora\u00e7\u00e3o, louvor, prega\u00e7\u00e3o, arrast\u00e3o e via-sacra far\u00e3o parte do retiro. Todos os momentos estar\u00e3o voltados para o tema \u201cUm s\u00f3 cora\u00e7\u00e3o e uma s\u00f3 mente\u201d, baseado nas palavras dos Atos dos Ap\u00f3stolos (4,32). As par\u00f3quias dos Setores que constituem a Arquidiocese, movimentos e novas comunidades est\u00e3o mobilizados para este evento comemorativo.<\/p>\n<p>O arcebispo metropolitano de Macei\u00f3 refor\u00e7a que o tema est\u00e1 relacionado com o esp\u00edrito celebrativo dos 100 anos da Arquidiocese de Macei\u00f3. \u201cO Retiro Arquidiocesano de Carnaval \u00e9 tamb\u00e9m uma das atividades do tri\u00eanio em celebra\u00e7\u00e3o ao Centen\u00e1rio, em 2020. Foi um evento decidido em Assembleia em 2017, com o clero, par\u00f3quias e movimentos, para que em Macei\u00f3 tenha um s\u00f3 retiro para acolher os fi\u00e9is no Santu\u00e1rio Arquidiocesano. O tema traz justamente isso, a unidade da Igreja\u201d, disse dom Ant\u00f4nio Muniz Fernandes, O.Carm.<\/p>\n<p><strong>Inscri\u00e7\u00f5es<\/strong><\/p>\n<p>As inscri\u00e7\u00f5es devem ser realizadas no Setor de Comunica\u00e7\u00e3o localizado na C\u00faria Metropolitana, Novas Comunidades, na sede da RCC e Livrarias Cat\u00f3licas.\u00a0 Os fi\u00e9is podem participar do retiro fechado que inclui refei\u00e7\u00f5es, hospedagem e transporte, com o pagamento da taxa de R$60,00. J\u00e1 o retiro aberto, os interessados tamb\u00e9m devem fazer a inscri\u00e7\u00e3o com a contribui\u00e7\u00e3o de R$ 5,00. E as crian\u00e7as ter\u00e3o seu espa\u00e7o tanto no Santu\u00e1rio, quanto na Par\u00f3quia S\u00e3o Lucas, pr\u00f3ximo ao local do evento; a taxa de inscri\u00e7\u00e3o \u00e9 de R$ 10,00 para os 04 dias.<\/p>\n<p>&nbsp;<\/p>\n","protected":false},"excerpt":{"rendered":"<p>Em comemora\u00e7\u00e3o ao Centen\u00e1rio da Arquidiocese de Macei\u00f3, os fi\u00e9is v\u00e3o estar reunidos, entre 02 e 05<\/p>\n","protected":false},"author":1,"featured_media":6693,"comment_status":"open","ping_status":"open","sticky":false,"template":"","format":"standard","meta":{"footnotes":""},"categories":[60],"tags":[],"class_list":["post-6692","post","type-post","status-publish","format-standard","has-post-thumbnail","hentry","category-capa"],"_links":{"self":[{"href":"https:\/\/4cantosalagoas.com.br\/portal\/wp-json\/wp\/v2\/posts\/6692","targetHints":{"allow":["GET"]}}],"collection":[{"href":"https:\/\/4cantosalagoas.com.br\/portal\/wp-json\/wp\/v2\/posts"}],"about":[{"href":"https:\/\/4cantosalagoas.com.br\/portal\/wp-json\/wp\/v2\/types\/post"}],"author":[{"embeddable":true,"href":"https:\/\/4cantosalagoas.com.br\/portal\/wp-json\/wp\/v2\/users\/1"}],"replies":[{"embeddable":true,"href":"https:\/\/4cantosalagoas.com.br\/portal\/wp-json\/wp\/v2\/comments?post=6692"}],"version-history":[{"count":1,"href":"https:\/\/4cantosalagoas.com.br\/portal\/wp-json\/wp\/v2\/posts\/6692\/revisions"}],"predecessor-version":[{"id":6694,"href":"https:\/\/4cantosalagoas.com.br\/portal\/wp-json\/wp\/v2\/posts\/6692\/revisions\/6694"}],"wp:featuredmedia":[{"embeddable":true,"href":"https:\/\/4cantosalagoas.com.br\/portal\/wp-json\/wp\/v2\/media\/6693"}],"wp:attachment":[{"href":"https:\/\/4cantosalagoas.com.br\/portal\/wp-json\/wp\/v2\/media?parent=6692"}],"wp:term":[{"taxonomy":"category","embeddable":true,"href":"https:\/\/4cantosalagoas.com.br\/portal\/wp-json\/wp\/v2\/categories?post=6692"},{"taxonomy":"post_tag","embeddable":true,"href":"https:\/\/4cantosalagoas.com.br\/portal\/wp-json\/wp\/v2\/tags?post=6692"}],"curies":[{"name":"wp","href":"https:\/\/api.w.org\/{rel}","templated":true}]}}