{"id":6647,"date":"2019-02-21T11:24:30","date_gmt":"2019-02-21T14:24:30","guid":{"rendered":"http:\/\/4cantosalagoas.com.br\/portal\/?p=6647"},"modified":"2019-02-21T11:24:30","modified_gmt":"2019-02-21T14:24:30","slug":"colisao-entre-caminhao-e-motocicleta-deixa-duas-pessoas-feridas","status":"publish","type":"post","link":"https:\/\/4cantosalagoas.com.br\/portal\/colisao-entre-caminhao-e-motocicleta-deixa-duas-pessoas-feridas\/","title":{"rendered":"Colis\u00e3o entre caminh\u00e3o e motocicleta deixa duas pessoas feridas"},"content":{"rendered":"<figure id=\"attachment_6648\" aria-describedby=\"caption-attachment-6648\" style=\"width: 300px\" class=\"wp-caption alignleft\"><img fetchpriority=\"high\" decoding=\"async\" class=\"size-medium wp-image-6648\" src=\"http:\/\/4cantosalagoas.com.br\/portal\/wp-content\/uploads\/2019\/02\/abc7-300x209.jpeg\" alt=\"\" width=\"300\" height=\"209\" srcset=\"https:\/\/4cantosalagoas.com.br\/portal\/wp-content\/uploads\/2019\/02\/abc7-300x209.jpeg 300w, https:\/\/4cantosalagoas.com.br\/portal\/wp-content\/uploads\/2019\/02\/abc7-375x261.jpeg 375w, https:\/\/4cantosalagoas.com.br\/portal\/wp-content\/uploads\/2019\/02\/abc7-360x250.jpeg 360w, https:\/\/4cantosalagoas.com.br\/portal\/wp-content\/uploads\/2019\/02\/abc7.jpeg 460w\" sizes=\"(max-width: 300px) 100vw, 300px\" \/><figcaption id=\"caption-attachment-6648\" class=\"wp-caption-text\">Acidente ocorreu na manh\u00e3 desta quinta-feira (21), em Arapiraca<br \/>Josival Meneses\/7Segundos<\/figcaption><\/figure>\n<p>Uma colis\u00e3o entre um caminh\u00e3o e uma motocicleta na manh\u00e3 desta quinta-feira (21) deixou duas pessoas feridas. O acidente foi registrado\u00a0no sem\u00e1foro do cruzamento proximo a loja Caraj\u00e1s, entre a Rua Marechal Deodoro\u00a0e\u00a0bairro Ouro Preto, em Arapiraca.<\/p>\n<p>De acordo com testemunhas, um motociclista seguia com um passageiro na garupa pela Rua Dom Pedro II, no sentido ao bairro S\u00e3o Lu\u00eds I. Um caminh\u00e3o tamb\u00e9m seguia no mesmo sentido que o motociclista.<\/p>\n<p>Ainda segundo populares, ao fazer uma convers\u00e3o proibida \u00e0 esquerda, o motorista do caminh\u00e3o acabou colidindo contra o mototaxista.<\/p>\n<p>Com o impacto da colis\u00e3o, os dois ocupantes da moto ca\u00edram no asfalto.<\/p>\n<p>O Servi\u00e7o de Atendimento M\u00f3vel de Urg\u00eancia (Samu) foi acionado e prestou socorro \u00e0s v\u00edtimas.<\/p>\n<p>As v\u00edtimas foram encaminhadas ao Hospital de Emerg\u00eancia do Agreste (HEA). O mototaxista est\u00e1\u00a0com suspeita de fratura nos dois bra\u00e7os.<\/p>\n<p>Fonte: 7segundos<\/p>\n","protected":false},"excerpt":{"rendered":"<p>Uma colis\u00e3o entre um caminh\u00e3o e uma motocicleta na manh\u00e3 desta quinta-feira (21) deixou duas pessoas feridas.<\/p>\n","protected":false},"author":1,"featured_media":6648,"comment_status":"open","ping_status":"open","sticky":false,"template":"","format":"standard","meta":{"footnotes":""},"categories":[60],"tags":[],"class_list":["post-6647","post","type-post","status-publish","format-standard","has-post-thumbnail","hentry","category-capa"],"_links":{"self":[{"href":"https:\/\/4cantosalagoas.com.br\/portal\/wp-json\/wp\/v2\/posts\/6647","targetHints":{"allow":["GET"]}}],"collection":[{"href":"https:\/\/4cantosalagoas.com.br\/portal\/wp-json\/wp\/v2\/posts"}],"about":[{"href":"https:\/\/4cantosalagoas.com.br\/portal\/wp-json\/wp\/v2\/types\/post"}],"author":[{"embeddable":true,"href":"https:\/\/4cantosalagoas.com.br\/portal\/wp-json\/wp\/v2\/users\/1"}],"replies":[{"embeddable":true,"href":"https:\/\/4cantosalagoas.com.br\/portal\/wp-json\/wp\/v2\/comments?post=6647"}],"version-history":[{"count":1,"href":"https:\/\/4cantosalagoas.com.br\/portal\/wp-json\/wp\/v2\/posts\/6647\/revisions"}],"predecessor-version":[{"id":6649,"href":"https:\/\/4cantosalagoas.com.br\/portal\/wp-json\/wp\/v2\/posts\/6647\/revisions\/6649"}],"wp:featuredmedia":[{"embeddable":true,"href":"https:\/\/4cantosalagoas.com.br\/portal\/wp-json\/wp\/v2\/media\/6648"}],"wp:attachment":[{"href":"https:\/\/4cantosalagoas.com.br\/portal\/wp-json\/wp\/v2\/media?parent=6647"}],"wp:term":[{"taxonomy":"category","embeddable":true,"href":"https:\/\/4cantosalagoas.com.br\/portal\/wp-json\/wp\/v2\/categories?post=6647"},{"taxonomy":"post_tag","embeddable":true,"href":"https:\/\/4cantosalagoas.com.br\/portal\/wp-json\/wp\/v2\/tags?post=6647"}],"curies":[{"name":"wp","href":"https:\/\/api.w.org\/{rel}","templated":true}]}}