{"id":6614,"date":"2019-02-19T07:19:20","date_gmt":"2019-02-19T10:19:20","guid":{"rendered":"http:\/\/4cantosalagoas.com.br\/portal\/?p=6614"},"modified":"2019-02-19T07:19:20","modified_gmt":"2019-02-19T10:19:20","slug":"prefeitura-lanca-carnaval-2019-nesta-terca-feira","status":"publish","type":"post","link":"https:\/\/4cantosalagoas.com.br\/portal\/prefeitura-lanca-carnaval-2019-nesta-terca-feira\/","title":{"rendered":"Prefeitura lan\u00e7a Carnaval 2019 nesta ter\u00e7a-feira"},"content":{"rendered":"<figure id=\"attachment_6615\" aria-describedby=\"caption-attachment-6615\" style=\"width: 300px\" class=\"wp-caption alignleft\"><img fetchpriority=\"high\" decoding=\"async\" class=\"size-medium wp-image-6615\" src=\"http:\/\/4cantosalagoas.com.br\/portal\/wp-content\/uploads\/2019\/02\/carnals-300x169.jpg\" alt=\"\" width=\"300\" height=\"169\" srcset=\"https:\/\/4cantosalagoas.com.br\/portal\/wp-content\/uploads\/2019\/02\/carnals-300x169.jpg 300w, https:\/\/4cantosalagoas.com.br\/portal\/wp-content\/uploads\/2019\/02\/carnals-768x432.jpg 768w, https:\/\/4cantosalagoas.com.br\/portal\/wp-content\/uploads\/2019\/02\/carnals-1024x576.jpg 1024w, https:\/\/4cantosalagoas.com.br\/portal\/wp-content\/uploads\/2019\/02\/carnals-375x211.jpg 375w, https:\/\/4cantosalagoas.com.br\/portal\/wp-content\/uploads\/2019\/02\/carnals-465x262.jpg 465w, https:\/\/4cantosalagoas.com.br\/portal\/wp-content\/uploads\/2019\/02\/carnals-695x391.jpg 695w, https:\/\/4cantosalagoas.com.br\/portal\/wp-content\/uploads\/2019\/02\/carnals.jpg 1920w\" sizes=\"(max-width: 300px) 100vw, 300px\" \/><figcaption id=\"caption-attachment-6615\" class=\"wp-caption-text\">Carnaval descentralizado contar\u00e1 com polos e desfile de escolas de samba<\/figcaption><\/figure>\n<p>Nesta ter\u00e7a-feira (19), a partir das 8h, ser\u00e1 realizado o lan\u00e7amento do Carnaval de Macei\u00f3 2019 durante um caf\u00e9 da manh\u00e3 no Mercado P\u00fablico do Jaragu\u00e1. Na ocasi\u00e3o, tamb\u00e9m ocorrer\u00e1 a entrega de certificados para os blocos e polos carnavalescos que ir\u00e3o receber ajuda de custo por meio de chamadas p\u00fablicas lan\u00e7adas pelo Munic\u00edpio para fomentar a programa\u00e7\u00e3o das pr\u00e9vias e do Carnaval em Macei\u00f3.<\/p>\n<p>Neste ano, a capital alagoana ter\u00e1 uma programa\u00e7\u00e3o variada acontecendo em oito polos carnavalescos: Ponta Grossa, Bebedouro, Fern\u00e3o Velho, Praia, Benedito Bentes, Ipioca, Jacintinho e Pontal da Barra,\u00a0nos dias 2, 3, 4, e 5 de mar\u00e7o, al\u00e9m dos das tradicionais pr\u00e9vias carnavalescas, que ocorrem a partir da pr\u00f3xima sexta-feira (22).<\/p>\n<p>O carnaval descentralizado, realizado pela Prefeitura de Macei\u00f3, por meio da Funda\u00e7\u00e3o Municipal de A\u00e7\u00e3o Cultural (Fmac), contar\u00e1 com desfile de escolas de samba e de grupos de Bumba Meu Boi, blocos carnavalescos e shows com bandas, afox\u00e9s e orquestras de frevo. As institui\u00e7\u00f5es sem fins lucrativos que ir\u00e3o realizar as festividades dos polos carnavalescos ir\u00e3o receber R$ 10.000,00 para pagamento de cach\u00eas e custos de produ\u00e7\u00e3o.<\/p>\n<p>Al\u00e9m disso, o Munic\u00edpio ir\u00e1 beneficiar 50 blocos com 200 a 2.000 integrantes com ajudas de custo de R$ 5.000,00 tr\u00eas blocos com 2.001 a 20.000 integrantes com ajudas de custo de R$ 10.000,00 um bloco com mais de 20.001 integrantes com ajuda de custo de R$ 50.000,00 e dois coletivos culturais para organiza\u00e7\u00e3o de desfiles espec\u00edficos com ajudas de custo de R$ 20.000,00.<\/p>\n<p>A Prefeitura de Macei\u00f3 tamb\u00e9m destinou R$ 90.000,00 para a organiza\u00e7\u00e3o do desfile das escolas de samba de Macei\u00f3, agendado para a noite do dia 2 de fevereiro e ir\u00e1 investir R$ 470.000,00 na estrutura dos polos carnavalescos e das pr\u00e9vias, disponibilizando palco, som, ilumina\u00e7\u00e3o e banheiros qu\u00edmicos.<\/p>\n<p>Robson Muller \/ Ascom Fmac<\/p>\n","protected":false},"excerpt":{"rendered":"<p>Nesta ter\u00e7a-feira (19), a partir das 8h, ser\u00e1 realizado o lan\u00e7amento do Carnaval de Macei\u00f3 2019 durante<\/p>\n","protected":false},"author":1,"featured_media":6615,"comment_status":"open","ping_status":"open","sticky":false,"template":"","format":"standard","meta":{"footnotes":""},"categories":[60],"tags":[],"class_list":["post-6614","post","type-post","status-publish","format-standard","has-post-thumbnail","hentry","category-capa"],"_links":{"self":[{"href":"https:\/\/4cantosalagoas.com.br\/portal\/wp-json\/wp\/v2\/posts\/6614","targetHints":{"allow":["GET"]}}],"collection":[{"href":"https:\/\/4cantosalagoas.com.br\/portal\/wp-json\/wp\/v2\/posts"}],"about":[{"href":"https:\/\/4cantosalagoas.com.br\/portal\/wp-json\/wp\/v2\/types\/post"}],"author":[{"embeddable":true,"href":"https:\/\/4cantosalagoas.com.br\/portal\/wp-json\/wp\/v2\/users\/1"}],"replies":[{"embeddable":true,"href":"https:\/\/4cantosalagoas.com.br\/portal\/wp-json\/wp\/v2\/comments?post=6614"}],"version-history":[{"count":1,"href":"https:\/\/4cantosalagoas.com.br\/portal\/wp-json\/wp\/v2\/posts\/6614\/revisions"}],"predecessor-version":[{"id":6616,"href":"https:\/\/4cantosalagoas.com.br\/portal\/wp-json\/wp\/v2\/posts\/6614\/revisions\/6616"}],"wp:featuredmedia":[{"embeddable":true,"href":"https:\/\/4cantosalagoas.com.br\/portal\/wp-json\/wp\/v2\/media\/6615"}],"wp:attachment":[{"href":"https:\/\/4cantosalagoas.com.br\/portal\/wp-json\/wp\/v2\/media?parent=6614"}],"wp:term":[{"taxonomy":"category","embeddable":true,"href":"https:\/\/4cantosalagoas.com.br\/portal\/wp-json\/wp\/v2\/categories?post=6614"},{"taxonomy":"post_tag","embeddable":true,"href":"https:\/\/4cantosalagoas.com.br\/portal\/wp-json\/wp\/v2\/tags?post=6614"}],"curies":[{"name":"wp","href":"https:\/\/api.w.org\/{rel}","templated":true}]}}