{"id":6602,"date":"2019-02-15T08:11:15","date_gmt":"2019-02-15T11:11:15","guid":{"rendered":"http:\/\/4cantosalagoas.com.br\/portal\/?p=6602"},"modified":"2019-02-15T08:11:15","modified_gmt":"2019-02-15T11:11:15","slug":"gol-pega-fogo-apos-capotar-na-al-101-sul-quatro-pessoas-ficaram-feridas","status":"publish","type":"post","link":"https:\/\/4cantosalagoas.com.br\/portal\/gol-pega-fogo-apos-capotar-na-al-101-sul-quatro-pessoas-ficaram-feridas\/","title":{"rendered":"Gol pega fogo ap\u00f3s capotar na AL 101 Sul; quatro pessoas ficaram feridas"},"content":{"rendered":"<div id=\"area_impressao\">\n<div class=\"col-xl-12\">\n<div class=\"resumo fz18 cinza text-justify\">\n<figure id=\"attachment_6603\" aria-describedby=\"caption-attachment-6603\" style=\"width: 300px\" class=\"wp-caption alignleft\"><img fetchpriority=\"high\" decoding=\"async\" class=\"size-medium wp-image-6603\" src=\"http:\/\/4cantosalagoas.com.br\/portal\/wp-content\/uploads\/2019\/02\/ggou-300x194.jpg\" alt=\"\" width=\"300\" height=\"194\" srcset=\"https:\/\/4cantosalagoas.com.br\/portal\/wp-content\/uploads\/2019\/02\/ggou-300x194.jpg 300w, https:\/\/4cantosalagoas.com.br\/portal\/wp-content\/uploads\/2019\/02\/ggou-768x496.jpg 768w, https:\/\/4cantosalagoas.com.br\/portal\/wp-content\/uploads\/2019\/02\/ggou-1024x662.jpg 1024w, https:\/\/4cantosalagoas.com.br\/portal\/wp-content\/uploads\/2019\/02\/ggou-375x242.jpg 375w, https:\/\/4cantosalagoas.com.br\/portal\/wp-content\/uploads\/2019\/02\/ggou-465x300.jpg 465w, https:\/\/4cantosalagoas.com.br\/portal\/wp-content\/uploads\/2019\/02\/ggou-695x449.jpg 695w, https:\/\/4cantosalagoas.com.br\/portal\/wp-content\/uploads\/2019\/02\/ggou.jpg 1280w\" sizes=\"(max-width: 300px) 100vw, 300px\" \/><figcaption id=\"caption-attachment-6603\" class=\"wp-caption-text\">Imagens por CBM\/AL.<\/figcaption><\/figure>\n<p>Um Volkswagen Gol, cor branca, placa MUB-8100, ficou completamente destru\u00eddo ap\u00f3s capotar na noite de ontem (14), em um trecho da rodovia estadual AL 101 Sul, entre os munic\u00edpios de Pia\u00e7abu\u00e7u e Penedo.<\/p>\n<p>Quatro pessoas estavam no ve\u00edculo, segundo informa\u00e7\u00f5es do Corpo de Bombeiros Militar, que atendeu a ocorr\u00eancia. Todas ficaram feridas e foram socorridas e encaminhas a Unidade de Pronto Atendimento (UPA) de Penedo.<\/p>\n<p>Ainda segundo o CBM, o ve\u00edculo transportava uma grande quantidade de alimentos, supostamente frutas e cereais, que eram levadas em um bagageiro preso ao teto do carro. Todo o material foi consumido pelas chamas.<\/p>\n<p>O Corpo de Bombeiros informou, ainda, que as v\u00edtimas sofreram ferimentos nas pernas e bra\u00e7as, mas que todos estavam conscientes e n\u00e3o correm risco de morte. A causa do sinistro ainda \u00e9 desconhecida.<\/p><\/div>\n<\/div>\n<\/div>\n<div><\/div>\n<div>Fonte: Alagoasweb<\/div>\n<div class=\"col-xl-12\"><\/div>\n","protected":false},"excerpt":{"rendered":"<p>Um Volkswagen Gol, cor branca, placa MUB-8100, ficou completamente destru\u00eddo ap\u00f3s capotar na noite de ontem (14),<\/p>\n","protected":false},"author":1,"featured_media":6603,"comment_status":"open","ping_status":"open","sticky":false,"template":"","format":"standard","meta":{"footnotes":""},"categories":[60],"tags":[],"class_list":["post-6602","post","type-post","status-publish","format-standard","has-post-thumbnail","hentry","category-capa"],"_links":{"self":[{"href":"https:\/\/4cantosalagoas.com.br\/portal\/wp-json\/wp\/v2\/posts\/6602","targetHints":{"allow":["GET"]}}],"collection":[{"href":"https:\/\/4cantosalagoas.com.br\/portal\/wp-json\/wp\/v2\/posts"}],"about":[{"href":"https:\/\/4cantosalagoas.com.br\/portal\/wp-json\/wp\/v2\/types\/post"}],"author":[{"embeddable":true,"href":"https:\/\/4cantosalagoas.com.br\/portal\/wp-json\/wp\/v2\/users\/1"}],"replies":[{"embeddable":true,"href":"https:\/\/4cantosalagoas.com.br\/portal\/wp-json\/wp\/v2\/comments?post=6602"}],"version-history":[{"count":1,"href":"https:\/\/4cantosalagoas.com.br\/portal\/wp-json\/wp\/v2\/posts\/6602\/revisions"}],"predecessor-version":[{"id":6604,"href":"https:\/\/4cantosalagoas.com.br\/portal\/wp-json\/wp\/v2\/posts\/6602\/revisions\/6604"}],"wp:featuredmedia":[{"embeddable":true,"href":"https:\/\/4cantosalagoas.com.br\/portal\/wp-json\/wp\/v2\/media\/6603"}],"wp:attachment":[{"href":"https:\/\/4cantosalagoas.com.br\/portal\/wp-json\/wp\/v2\/media?parent=6602"}],"wp:term":[{"taxonomy":"category","embeddable":true,"href":"https:\/\/4cantosalagoas.com.br\/portal\/wp-json\/wp\/v2\/categories?post=6602"},{"taxonomy":"post_tag","embeddable":true,"href":"https:\/\/4cantosalagoas.com.br\/portal\/wp-json\/wp\/v2\/tags?post=6602"}],"curies":[{"name":"wp","href":"https:\/\/api.w.org\/{rel}","templated":true}]}}