{"id":6599,"date":"2019-02-15T07:50:04","date_gmt":"2019-02-15T10:50:04","guid":{"rendered":"http:\/\/4cantosalagoas.com.br\/portal\/?p=6599"},"modified":"2019-02-15T07:50:04","modified_gmt":"2019-02-15T10:50:04","slug":"prefeitura-detalha-atuacao-para-simulado-no-pinheiro","status":"publish","type":"post","link":"https:\/\/4cantosalagoas.com.br\/portal\/prefeitura-detalha-atuacao-para-simulado-no-pinheiro\/","title":{"rendered":"Prefeitura detalha atua\u00e7\u00e3o para simulado no Pinheiro"},"content":{"rendered":"<figure id=\"attachment_6600\" aria-describedby=\"caption-attachment-6600\" style=\"width: 300px\" class=\"wp-caption alignleft\"><img fetchpriority=\"high\" decoding=\"async\" class=\"size-medium wp-image-6600\" src=\"http:\/\/4cantosalagoas.com.br\/portal\/wp-content\/uploads\/2019\/02\/defasesz-300x200.jpg\" alt=\"\" width=\"300\" height=\"200\" srcset=\"https:\/\/4cantosalagoas.com.br\/portal\/wp-content\/uploads\/2019\/02\/defasesz-300x200.jpg 300w, https:\/\/4cantosalagoas.com.br\/portal\/wp-content\/uploads\/2019\/02\/defasesz-768x512.jpg 768w, https:\/\/4cantosalagoas.com.br\/portal\/wp-content\/uploads\/2019\/02\/defasesz.jpg 1024w, https:\/\/4cantosalagoas.com.br\/portal\/wp-content\/uploads\/2019\/02\/defasesz-375x250.jpg 375w, https:\/\/4cantosalagoas.com.br\/portal\/wp-content\/uploads\/2019\/02\/defasesz-465x310.jpg 465w, https:\/\/4cantosalagoas.com.br\/portal\/wp-content\/uploads\/2019\/02\/defasesz-695x464.jpg 695w, https:\/\/4cantosalagoas.com.br\/portal\/wp-content\/uploads\/2019\/02\/defasesz-272x182.jpg 272w\" sizes=\"(max-width: 300px) 100vw, 300px\" \/><figcaption id=\"caption-attachment-6600\" class=\"wp-caption-text\">Defesa Civil de Macei\u00f3 vai coordenar as a\u00e7\u00f5es da Prefeitura no simulado. Foto: Pei Fon\/ Secom Macei\u00f3<\/figcaption><\/figure>\n<p>A Prefeitura de Macei\u00f3 j\u00e1 definiu o planejamento para o simulado de evacua\u00e7\u00e3o do bairro do Pinheiro, que ser\u00e1 realizado no pr\u00f3ximo s\u00e1bado (16), a partir das 15 horas. Os trabalhos t\u00eam car\u00e1ter preventivo e v\u00e3o se concentrar nos quatro pontos de apoio definidos pelo plano de a\u00e7\u00e3o: terminal rodovi\u00e1rio do Sanat\u00f3rio, estacionamento da Casa Vieira, na rua ao lado da Importadora Ve\u00edculos e no primeiro gin\u00e1sio de esportes do Cepa. As quatro \u00e1reas v\u00e3o receber equipes das secretarias municipais de Sa\u00fade (SMS), Educa\u00e7\u00e3o (Semed) e Assist\u00eancia Social (Semas), que oferecer\u00e3o apoio aos moradores. A coordena\u00e7\u00e3o geral ficar\u00e1 a cargo da Defesa Civil de Macei\u00f3.<\/p>\n<p>A coordena\u00e7\u00e3o em cada ponto de apoio ficar\u00e1 a cargo da Secretaria Municipal de Assist\u00eancia Social (Semas). Ao todo, 48 servidores far\u00e3o a acolhida dos moradores que sa\u00edrem das unidades residenciais durante a evacua\u00e7\u00e3o. Os profissionais identificados far\u00e3o a acolhida e o Cadastro de Evacua\u00e7\u00e3o \u2013 que cont\u00e9m informa\u00e7\u00f5es b\u00e1sicas para atendimento, como nome, endere\u00e7o, n\u00famero de integrantes do n\u00facleo familiar.<\/p>\n<p>Ap\u00f3s esta etapa, as fam\u00edlias receber\u00e3o os encaminhamentos necess\u00e1rios \u2013 a ser avaliado caso a caso \u2013 como a ida para os abrigos provis\u00f3rios (para quem necessitar) e atendimentos de sa\u00fade. A Semas ter\u00e1 dispon\u00edvel vans para o transporte dessas fam\u00edlias para o atendimento de Sa\u00fade e para o Abrigo.<\/p>\n<p>A Secretaria Municipal de Sa\u00fade (SMS) vai disponibilizar em cada ponto de apoio uma equipe m\u00e9dica composta por um m\u00e9dico, um enfermeiro e dois t\u00e9cnicos, totalizando 16 pessoas. Cada ponto vai receber tamb\u00e9m quatro equipes de Aten\u00e7\u00e3o Psicossocial, composta por dois psic\u00f3logos e seis t\u00e9cnicos. Al\u00e9m disso,\u00a0a SMS ter\u00e1 duas caminhonetes e dois carros pequenos \u00e0 disposi\u00e7\u00e3o da popula\u00e7\u00e3o. Todas as equipes de assist\u00eancia tamb\u00e9m portar\u00e3o kits de primeiros socorros.<\/p>\n<p>A atua\u00e7\u00e3o da Secretaria Municipal de Educa\u00e7\u00e3o ser\u00e1 de acolhimento dos moradores por meio de profissionais da Educa\u00e7\u00e3o volunt\u00e1rios. O \u00f3rg\u00e3o colocar\u00e1 a disposi\u00e7\u00e3o \u00f4nibus, inclusive adaptados para fazer parte do treinamento.<\/p>\n<p><strong>Seguran\u00e7a e tr\u00e2nsito<\/strong><\/p>\n<p>Outros \u00f3rg\u00e3os do Munic\u00edpio tamb\u00e9m dar\u00e3o apoio ao simulado no bairro do Pinheiro. A Secretaria Municipal de Seguran\u00e7a Comunit\u00e1ria e Conv\u00edvio Social (Semscs) vai disponibilizar 252 guardas municipais e 20 servidores da Coordena\u00e7\u00e3o de Guardas e bens Apreendidos e Demoli\u00e7\u00e3o para dar apoio \u00e0 Pol\u00edcia Militar. Em uma situa\u00e7\u00e3o de emerg\u00eancia, o efetivo vai se reunir em tr\u00eas pontos para embarque em dire\u00e7\u00e3o ao local: na sede da Semscs; na sede da Guarda Municipal; e na Vila Ol\u00edmpica na Cidade Universit\u00e1ria.<\/p>\n<p>Entre as atribui\u00e7\u00f5es, a Semscs vai bloquear vias, demolir im\u00f3veis e resid\u00eancias que estejam com risco de desabamento; fazer a seguran\u00e7a dos im\u00f3veis enquanto a popula\u00e7\u00e3o n\u00e3o retornar \u00e0s suas resid\u00eancias e isolar \u00e1reas mais afetadas determinadas pela Defesa Civil ou pelo Gabinete de Situa\u00e7\u00e3o. O efetivo far\u00e1 tamb\u00e9m o isolamento das vias e vai apoiar a Secretaria Municipal de Transporte e Tr\u00e2nsito (SMTT) e o Batalh\u00e3o de Tr\u00e2nsito da Pol\u00edcia Militar nos desvios do tr\u00e2nsito nas ruas e avenidas.<\/p>\n<p>A SMTT vai utilizar quatro viaturas e oito agentes de tr\u00e2nsito para garantir o apoio vi\u00e1rio da opera\u00e7\u00e3o. As viaturas ficar\u00e3o localizadas nas ruas Tavares Bastos, Ant\u00f4nio Proc\u00f3pio, Coronel Lima da Rocha e na Pra\u00e7a do Conjunto Divaldo Suruagy. Al\u00e9m destes pontos de bloqueio, as vias que d\u00e3o acesso \u00e0 Avenida Fernandes Lima ser\u00e3o interditadas com cones. Os bloqueios acontecer\u00e3o no sentido Tabuleiro\/Centro da Avenida Fernandes Lima, no trecho que vai desde a sa\u00edda da Rua Tereza de Azevedo at\u00e9 a sa\u00edda da Rua Miguel Palmeira, no Farol.<\/p>\n<p><strong>Vias interditadas<\/strong><\/p>\n<p>As vias que d\u00e3o acesso \u00e0 Avenida Fernandes Lima e que ser\u00e3o interditadas com cones s\u00e3o: ruas Tereza de Azevedo, Francisco Amorim, Jornalista Vaz Filho, Luiz Rizzo, Ant\u00f4nio Proc\u00f3pio, Pedro de Oliveira Rocha, Tav\u00e1res Bastos, Clar\u00eancio Juc\u00e1, Jo\u00e3o Barros Pinho, Estat\u00edstico Teixeira de Freitas e Coronel Lima Rocha.<\/p>\n<p>Deste modo, os condutores que quiserem sair do Pinheiro em dire\u00e7\u00e3o \u00e0 Avenida Fernandes Lima durante o simulado de evacua\u00e7\u00e3o,\u00a0dever\u00e3o seguir at\u00e9 o final da Rua Professor Jos\u00e9 da Silveira Camerino, proximo \u00e0 Junta Comercial de Alagoas.<\/p>\n<p>Al\u00e9m do apoio vi\u00e1rio realizado pela SMTT, integrantes do Batalh\u00e3o de Pol\u00edcia de Tr\u00e2nsito (BPTran) tamb\u00e9m participar\u00e3o da a\u00e7\u00e3o, com esquipes posicionadas na sa\u00edda das ruas Tereza de Azevedo e Francisco Amorim, ao lado do Shopping Farol.<\/p>\n<p>A SMTT alerta que a avenida Fernandes Lima n\u00e3o ser\u00e1 interditada durante a execu\u00e7\u00e3o do Simulado de Evacua\u00e7\u00e3o. O tr\u00e1fego de ve\u00edculos ao longo desta via ser\u00e1 mantido.<\/p>\n<p><strong>Circula\u00e7\u00e3o de \u00f4nibus<\/strong><\/p>\n<p>Devido \u00e0 realiza\u00e7\u00e3o do simulado de evacua\u00e7\u00e3o, nove linhas de \u00f4nibus que atendem o bairro do Pinheiro ter\u00e3o o seu itiner\u00e1rio modificado. As altera\u00e7\u00f5es acontecer\u00e3o das 14h30 \u00e0s 16h30.<\/p>\n<p><strong>Confira<\/strong><\/p>\n<p><strong>LINHA 024 \u2013 Sanat\u00f3rio \/ Centro (via Rotary \u2013 Josepha de Melo)<\/strong><\/p>\n<p>IDA: Terminal da Rotary, Avenida Rotary, Avenida Fernandes Lima, retorna pelo lado oposto da Rua Tereza de Azevedo entrando ao lado da Farm\u00e1cia do Trabalhador, Avenida Rotary novamente e segue com o seu itiner\u00e1rio normal.<\/p>\n<p>VOLTA: Av. Rotary, Av. Fernandes Lima, retorna pelo lado oposto da Rua Tereza de Azevedo entrando ao lado da Farm\u00e1cia do Trabalhador, segue pela Avenida Rotary em dire\u00e7\u00e3o ao terminal.<\/p>\n<p><strong>LINHA 027 \u2013 Vila Saem \/ Centro<\/strong><\/p>\n<p>IDA: Saindo do terminal do Sanat\u00f3rio, pega a Travessa Belo Horizonte (rua da Unimed), em seguida entra na Avenida Fernandes Lima e segue em dire\u00e7\u00e3o ao Centro;<\/p>\n<p>VOLTA: Centro, Av. Fernandes Lima, entra na Pitanguinha, passa pela Avenida Fernandes Lima, Gruta, Av. Fernandes novamente, Travessa Belo Horizonte (rua da Unimed) at\u00e9 chegar ao Terminal Sanat\u00f3rio.<\/p>\n<p><strong>LINHA 604 \u2013 Ufal \/ Cruz das Almas<\/strong><\/p>\n<p>IDA: Avenida Durval de G\u00f3es Monteiro, retorno no IBAMA, entrando ao lado do Supermercado Extra (Jardim do Horto), Gruta, Eixo Vi\u00e1rio por tr\u00e1s do Hospital dos Usineiros, Avenida Rotary, seguindo o itiner\u00e1rio normal.<\/p>\n<p>VOLTA: N\u00e3o haver\u00e1 altera\u00e7\u00e3o no itiner\u00e1rio de volta.<\/p>\n<p><strong>LINHA 608 \u2013 Gruta \/ Iguatemi<\/strong><\/p>\n<p>IDA: Terminal Rotary, Avenida Rotary, seguindo direto pela Avenida Fernandes Lima, deixando de passar no bairro do Pinheiro.<\/p>\n<p>VOLTA: Avenida Fernandes Lima, Pitanguinha, Av. Fernandes Lima novamente, retorna pelo lado oposto da Rua Tereza de Azevedo entrando ao lado da Farm\u00e1cia do Trabalhador, Av. Rotary e por fim o Terminal Rotary.<\/p>\n<p><strong>LINHA 700 \u2013 Sanat\u00f3rio \/ Ponta Verde (via Jacintinho)<\/strong><\/p>\n<p>IDA: Saindo do Terminal Rotary, Av. Rotary, Av. Fernandes Lima, retorna pelo lado oposto da Rua Tereza de Azevedo entrando ao lado da Farm\u00e1cia do Trabalhador, Av. Rotary novamente e seguindo com o seu itiner\u00e1rio normal.<\/p>\n<p>VOLTA: Av. Rotary, Av. Fernandes Lima, retorna pelo lado oposto da Rua Tereza de Azevedo entrando ao lado da Farm\u00e1cia do Trabalhador, Av. Rotary at\u00e9 chegar ao Terminal Rotary.<\/p>\n<p><strong>LINHA 068 \u2013 Colina \/ Centro (via Po\u00e7o)<\/strong><\/p>\n<p>IDA: Ladeira do Calmon, Travessa Belo Horizonte (rua da Unimed), Avenida Fernandes Lima, seguindo com o seu itiner\u00e1rio normal.<\/p>\n<p>VOLTA: Av. Fernandes Lima, Gruta, Av. Fernandes Lima novamente, Travessa Belo Horizonte (rua da Unimed), Ladeira do Calmon, seguindo com o seu itiner\u00e1rio normal.<\/p>\n<p><strong>LINHA 407 \u2013 Trapiche \/ Usineiros (via Gruta)<\/strong><\/p>\n<p>IDA: N\u00e3o haver\u00e1 mudan\u00e7a no trajeto de ida.<\/p>\n<p>VOLTA: Gruta, Eixo Vi\u00e1rio por tr\u00e1s do Hospital dos Usineiros, Av. Rotary de onde seguir\u00e1 com o seu itiner\u00e1rio normal.<\/p>\n<p><strong>LINHA 201 \u2013 CIRCULAR 1<\/strong><\/p>\n<p>IDA: Ladeira do Calmon, Travessa Belo Horizonte (rua da Unimed), Av. Fernandes Lima, seguindo itiner\u00e1rio normal. Durante a realiza\u00e7\u00e3o do simulado de evacua\u00e7\u00e3o esta linha n\u00e3o atender\u00e1 os bairros da Gruta e Ouro Preto.<\/p>\n<p><strong>LINHA 202 \u2013 CIRCULAR 2<\/strong><\/p>\n<p>VOLTA: Ouro Preto, Av. Fernandes Lima, Travessa Belo Horizonte (rua da Unimed), Ladeira do Calmon, seguindo com o seu itiner\u00e1rio normal.<\/p>\n","protected":false},"excerpt":{"rendered":"<p>A Prefeitura de Macei\u00f3 j\u00e1 definiu o planejamento para o simulado de evacua\u00e7\u00e3o do bairro do Pinheiro,<\/p>\n","protected":false},"author":1,"featured_media":6600,"comment_status":"open","ping_status":"open","sticky":false,"template":"","format":"standard","meta":{"footnotes":""},"categories":[60],"tags":[],"class_list":["post-6599","post","type-post","status-publish","format-standard","has-post-thumbnail","hentry","category-capa"],"_links":{"self":[{"href":"https:\/\/4cantosalagoas.com.br\/portal\/wp-json\/wp\/v2\/posts\/6599","targetHints":{"allow":["GET"]}}],"collection":[{"href":"https:\/\/4cantosalagoas.com.br\/portal\/wp-json\/wp\/v2\/posts"}],"about":[{"href":"https:\/\/4cantosalagoas.com.br\/portal\/wp-json\/wp\/v2\/types\/post"}],"author":[{"embeddable":true,"href":"https:\/\/4cantosalagoas.com.br\/portal\/wp-json\/wp\/v2\/users\/1"}],"replies":[{"embeddable":true,"href":"https:\/\/4cantosalagoas.com.br\/portal\/wp-json\/wp\/v2\/comments?post=6599"}],"version-history":[{"count":1,"href":"https:\/\/4cantosalagoas.com.br\/portal\/wp-json\/wp\/v2\/posts\/6599\/revisions"}],"predecessor-version":[{"id":6601,"href":"https:\/\/4cantosalagoas.com.br\/portal\/wp-json\/wp\/v2\/posts\/6599\/revisions\/6601"}],"wp:featuredmedia":[{"embeddable":true,"href":"https:\/\/4cantosalagoas.com.br\/portal\/wp-json\/wp\/v2\/media\/6600"}],"wp:attachment":[{"href":"https:\/\/4cantosalagoas.com.br\/portal\/wp-json\/wp\/v2\/media?parent=6599"}],"wp:term":[{"taxonomy":"category","embeddable":true,"href":"https:\/\/4cantosalagoas.com.br\/portal\/wp-json\/wp\/v2\/categories?post=6599"},{"taxonomy":"post_tag","embeddable":true,"href":"https:\/\/4cantosalagoas.com.br\/portal\/wp-json\/wp\/v2\/tags?post=6599"}],"curies":[{"name":"wp","href":"https:\/\/api.w.org\/{rel}","templated":true}]}}