{"id":6596,"date":"2019-02-15T07:17:19","date_gmt":"2019-02-15T10:17:19","guid":{"rendered":"http:\/\/4cantosalagoas.com.br\/portal\/?p=6596"},"modified":"2019-02-15T07:17:19","modified_gmt":"2019-02-15T10:17:19","slug":"nesta-sexta-rua-alcebiades-valente-volta-a-ser-mao-dupla","status":"publish","type":"post","link":"https:\/\/4cantosalagoas.com.br\/portal\/nesta-sexta-rua-alcebiades-valente-volta-a-ser-mao-dupla\/","title":{"rendered":"Nesta sexta: Rua Alceb\u00edades Valente volta a ser m\u00e3o dupla"},"content":{"rendered":"<figure id=\"attachment_6597\" aria-describedby=\"caption-attachment-6597\" style=\"width: 300px\" class=\"wp-caption alignleft\"><img fetchpriority=\"high\" decoding=\"async\" class=\"size-medium wp-image-6597\" src=\"http:\/\/4cantosalagoas.com.br\/portal\/wp-content\/uploads\/2019\/02\/titars-300x200.jpg\" alt=\"\" width=\"300\" height=\"200\" srcset=\"https:\/\/4cantosalagoas.com.br\/portal\/wp-content\/uploads\/2019\/02\/titars-300x200.jpg 300w, https:\/\/4cantosalagoas.com.br\/portal\/wp-content\/uploads\/2019\/02\/titars-768x512.jpg 768w, https:\/\/4cantosalagoas.com.br\/portal\/wp-content\/uploads\/2019\/02\/titars.jpg 1024w, https:\/\/4cantosalagoas.com.br\/portal\/wp-content\/uploads\/2019\/02\/titars-375x250.jpg 375w, https:\/\/4cantosalagoas.com.br\/portal\/wp-content\/uploads\/2019\/02\/titars-465x310.jpg 465w, https:\/\/4cantosalagoas.com.br\/portal\/wp-content\/uploads\/2019\/02\/titars-695x464.jpg 695w, https:\/\/4cantosalagoas.com.br\/portal\/wp-content\/uploads\/2019\/02\/titars-272x182.jpg 272w\" sizes=\"(max-width: 300px) 100vw, 300px\" \/><figcaption id=\"caption-attachment-6597\" class=\"wp-caption-text\">Rua Alceb\u00edades Valente voltar\u00e1 a ser m\u00e3o dupla nesta sexta-feira (15). Foto: Pei Fon\/ Secom Macei\u00f3<\/figcaption><\/figure>\n<p>A partir das 7h desta sexta-feira (15), a Rua Alceb\u00edades Valente, no bairro do Farol, voltar\u00e1 a ser m\u00e3o dupla. A modifica\u00e7\u00e3o de sentido da via est\u00e1 sendo realizada pela Superintend\u00eancia Municipal de Transportes e Tr\u00e2nsito (SMTT).<\/p>\n<p>A equipe de Obras Vi\u00e1rias do \u00f3rg\u00e3o esteve ao longo desta semana na Rua Alceb\u00edades Valente realizando o servi\u00e7o de readequa\u00e7\u00e3o da sinaliza\u00e7\u00e3o.\u00a0Placas de tr\u00e2nsito e novas sinaliza\u00e7\u00f5es horizontais foram implantadas na via com o objetivo de garantir a seguran\u00e7a vi\u00e1ria, melhorar a visibilidade e informar aos motoristas e pedestres que o tr\u00e2nsito no local voltar\u00e1 a ser m\u00e3o dupla outra vez.<\/p>\n<div id=\"attachment_287718\" class=\"wp-caption alignnone\"><img decoding=\"async\" class=\"size-large wp-image-287718\" src=\"http:\/\/www.maceio.al.gov.br\/wp-content\/uploads\/2019\/02\/jpeg\/2019\/02\/WhatsApp-Image-2019-02-14-at-00.35.50-1024x765.jpeg\" sizes=\"(max-width: 1024px) 100vw, 1024px\" srcset=\"http:\/\/www.maceio.al.gov.br\/wp-content\/uploads\/2019\/02\/jpeg\/2019\/02\/WhatsApp-Image-2019-02-14-at-00.35.50-1024x765.jpeg 1024w, http:\/\/www.maceio.al.gov.br\/wp-content\/uploads\/2019\/02\/jpeg\/2019\/02\/WhatsApp-Image-2019-02-14-at-00.35.50-150x112.jpeg 150w, http:\/\/www.maceio.al.gov.br\/wp-content\/uploads\/2019\/02\/jpeg\/2019\/02\/WhatsApp-Image-2019-02-14-at-00.35.50-300x224.jpeg 300w, http:\/\/www.maceio.al.gov.br\/wp-content\/uploads\/2019\/02\/jpeg\/2019\/02\/WhatsApp-Image-2019-02-14-at-00.35.50-768x574.jpeg 768w, http:\/\/www.maceio.al.gov.br\/wp-content\/uploads\/2019\/02\/jpeg\/2019\/02\/WhatsApp-Image-2019-02-14-at-00.35.50.jpeg 1280w\" alt=\"\" width=\"1024\" height=\"765\" \/><\/p>\n<p class=\"wp-caption-text\">Equipe de Obras Vi\u00e1rias realiza readequa\u00e7\u00f5es na sinaliza\u00e7\u00e3o da Rua Alceb\u00edades Valente, no Farol.<\/p>\n<\/div>\n<p>\u201cAl\u00e9m de toda a sinaliza\u00e7\u00e3o vertical e horizontal refeita, a SMTT tamb\u00e9m anexou faixas ao longo da Rua Alceb\u00edades Valente. Essa \u00e9 mais uma medida adotada pelo \u00f3rg\u00e3o para que todos fiquem cientes dessa mudan\u00e7a. A Superintend\u00eancia continuar\u00e1 trabalhando em benef\u00edcio da popula\u00e7\u00e3o no intuito de garantir melhores condi\u00e7\u00f5es de trafegabilidade nos corredores de transportes de Macei\u00f3\u201d, refor\u00e7a Ant\u00f4nio Moura, titular da SMTT.<\/p>\n<div id=\"attachment_287719\" class=\"wp-caption alignnone\"><img decoding=\"async\" class=\"size-large wp-image-287719\" src=\"http:\/\/www.maceio.al.gov.br\/wp-content\/uploads\/2019\/02\/jpeg\/2019\/02\/WhatsApp-Image-2019-02-14-at-00.36.25-1024x765.jpeg\" sizes=\"(max-width: 1024px) 100vw, 1024px\" srcset=\"http:\/\/www.maceio.al.gov.br\/wp-content\/uploads\/2019\/02\/jpeg\/2019\/02\/WhatsApp-Image-2019-02-14-at-00.36.25-1024x765.jpeg 1024w, http:\/\/www.maceio.al.gov.br\/wp-content\/uploads\/2019\/02\/jpeg\/2019\/02\/WhatsApp-Image-2019-02-14-at-00.36.25-150x112.jpeg 150w, http:\/\/www.maceio.al.gov.br\/wp-content\/uploads\/2019\/02\/jpeg\/2019\/02\/WhatsApp-Image-2019-02-14-at-00.36.25-300x224.jpeg 300w, http:\/\/www.maceio.al.gov.br\/wp-content\/uploads\/2019\/02\/jpeg\/2019\/02\/WhatsApp-Image-2019-02-14-at-00.36.25-768x574.jpeg 768w, http:\/\/www.maceio.al.gov.br\/wp-content\/uploads\/2019\/02\/jpeg\/2019\/02\/WhatsApp-Image-2019-02-14-at-00.36.25.jpeg 1280w\" alt=\"\" width=\"1024\" height=\"765\" \/><\/p>\n<p class=\"wp-caption-text\">Faixas informando sobre a mudan\u00e7a de sentido da via foram anexadas na Rua Alceb\u00edades Valente.<\/p>\n<\/div>\n<p>Agentes da SMTT estar\u00e3o no local para realizar o reordenamento do tr\u00e1fego de ve\u00edculos na regi\u00e3o e orientar os condutores sobre a mudan\u00e7a.<\/p>\n<p>Ascom SMTT<\/p>\n","protected":false},"excerpt":{"rendered":"<p>A partir das 7h desta sexta-feira (15), a Rua Alceb\u00edades Valente, no bairro do Farol, voltar\u00e1 a<\/p>\n","protected":false},"author":1,"featured_media":6597,"comment_status":"open","ping_status":"open","sticky":false,"template":"","format":"standard","meta":{"footnotes":""},"categories":[60],"tags":[],"class_list":["post-6596","post","type-post","status-publish","format-standard","has-post-thumbnail","hentry","category-capa"],"_links":{"self":[{"href":"https:\/\/4cantosalagoas.com.br\/portal\/wp-json\/wp\/v2\/posts\/6596","targetHints":{"allow":["GET"]}}],"collection":[{"href":"https:\/\/4cantosalagoas.com.br\/portal\/wp-json\/wp\/v2\/posts"}],"about":[{"href":"https:\/\/4cantosalagoas.com.br\/portal\/wp-json\/wp\/v2\/types\/post"}],"author":[{"embeddable":true,"href":"https:\/\/4cantosalagoas.com.br\/portal\/wp-json\/wp\/v2\/users\/1"}],"replies":[{"embeddable":true,"href":"https:\/\/4cantosalagoas.com.br\/portal\/wp-json\/wp\/v2\/comments?post=6596"}],"version-history":[{"count":1,"href":"https:\/\/4cantosalagoas.com.br\/portal\/wp-json\/wp\/v2\/posts\/6596\/revisions"}],"predecessor-version":[{"id":6598,"href":"https:\/\/4cantosalagoas.com.br\/portal\/wp-json\/wp\/v2\/posts\/6596\/revisions\/6598"}],"wp:featuredmedia":[{"embeddable":true,"href":"https:\/\/4cantosalagoas.com.br\/portal\/wp-json\/wp\/v2\/media\/6597"}],"wp:attachment":[{"href":"https:\/\/4cantosalagoas.com.br\/portal\/wp-json\/wp\/v2\/media?parent=6596"}],"wp:term":[{"taxonomy":"category","embeddable":true,"href":"https:\/\/4cantosalagoas.com.br\/portal\/wp-json\/wp\/v2\/categories?post=6596"},{"taxonomy":"post_tag","embeddable":true,"href":"https:\/\/4cantosalagoas.com.br\/portal\/wp-json\/wp\/v2\/tags?post=6596"}],"curies":[{"name":"wp","href":"https:\/\/api.w.org\/{rel}","templated":true}]}}