{"id":6593,"date":"2019-02-14T07:34:29","date_gmt":"2019-02-14T10:34:29","guid":{"rendered":"http:\/\/4cantosalagoas.com.br\/portal\/?p=6593"},"modified":"2019-02-14T07:34:29","modified_gmt":"2019-02-14T10:34:29","slug":"operacao-da-policia-civil-em-arapiraca-prendeu-13-pessoas","status":"publish","type":"post","link":"https:\/\/4cantosalagoas.com.br\/portal\/operacao-da-policia-civil-em-arapiraca-prendeu-13-pessoas\/","title":{"rendered":"Opera\u00e7\u00e3o da Pol\u00edcia Civil em Arapiraca prendeu 13 pessoas"},"content":{"rendered":"<figure id=\"attachment_6594\" aria-describedby=\"caption-attachment-6594\" style=\"width: 300px\" class=\"wp-caption alignleft\"><img fetchpriority=\"high\" decoding=\"async\" class=\"size-medium wp-image-6594\" src=\"http:\/\/4cantosalagoas.com.br\/portal\/wp-content\/uploads\/2019\/02\/accab-300x225.jpg\" alt=\"\" width=\"300\" height=\"225\" srcset=\"https:\/\/4cantosalagoas.com.br\/portal\/wp-content\/uploads\/2019\/02\/accab-300x225.jpg 300w, https:\/\/4cantosalagoas.com.br\/portal\/wp-content\/uploads\/2019\/02\/accab-768x576.jpg 768w, https:\/\/4cantosalagoas.com.br\/portal\/wp-content\/uploads\/2019\/02\/accab-1024x768.jpg 1024w, https:\/\/4cantosalagoas.com.br\/portal\/wp-content\/uploads\/2019\/02\/accab-375x281.jpg 375w, https:\/\/4cantosalagoas.com.br\/portal\/wp-content\/uploads\/2019\/02\/accab-465x349.jpg 465w, https:\/\/4cantosalagoas.com.br\/portal\/wp-content\/uploads\/2019\/02\/accab-667x500.jpg 667w, https:\/\/4cantosalagoas.com.br\/portal\/wp-content\/uploads\/2019\/02\/accab.jpg 1280w\" sizes=\"(max-width: 300px) 100vw, 300px\" \/><figcaption id=\"caption-attachment-6594\" class=\"wp-caption-text\">Assessoria<\/figcaption><\/figure>\n<p>A opera\u00e7\u00e3o desencadeada pela Pol\u00edcia Civil, nesta quarta-feira (13), no Agreste de Alagoas, por meio da Delegacia Regional de Arapiraca j\u00e1 prendeu, at\u00e9 o momento, 13 pessoas.<\/p>\n<p>O trabalho \u00a0est\u00e1 sendo coordenado pelo delegado Igor Diego e visa prender pessoas envolvidas com crimes de agiotagem, extors\u00e3o e associa\u00e7\u00e3o criminosa no Agreste alagoano.<\/p>\n<p>De acordo com o delegado, o trabalho ainda est\u00e1 em andamento e novas pris\u00f5es ainda podem acontecer. O grupo detido \u00e9 formado por estrangeiros.<\/p>\n<p>\u201cVamos verificar a atua\u00e7\u00e3o de cada um e definir a puni\u00e7\u00e3o \u00a0de acordo com o crime praticado, estabelecendo a participa\u00e7\u00e3o de cada integrante no grupo criminoso\u201d, frisou o delegado regional Igor Diego.<\/p>\n<p>A opera\u00e7\u00e3o iniciada na manh\u00e3 de hoje contou com a participa\u00e7\u00e3o de cerca de 40 policiais civis. Todos os envolvidos detidos ainda continuam sendo ouvidos na sede da Delegacia Regional de Arapiraca.<\/p>\n<figure id=\"attachment_20227\" class=\"wp-caption aligncenter\"><img decoding=\"async\" class=\" wp-image-20227\" src=\"http:\/\/pc.al.gov.br\/home\/id\/wp-content\/uploads\/2019\/02\/aa716791-2969-4230-b589-608f11a0212f-300x225.jpg\" sizes=\"(max-width: 535px) 100vw, 535px\" srcset=\"http:\/\/pc.al.gov.br\/home\/id\/wp-content\/uploads\/2019\/02\/aa716791-2969-4230-b589-608f11a0212f-300x225.jpg 300w, http:\/\/pc.al.gov.br\/home\/id\/wp-content\/uploads\/2019\/02\/aa716791-2969-4230-b589-608f11a0212f-768x576.jpg 768w, http:\/\/pc.al.gov.br\/home\/id\/wp-content\/uploads\/2019\/02\/aa716791-2969-4230-b589-608f11a0212f-1024x768.jpg 1024w, http:\/\/pc.al.gov.br\/home\/id\/wp-content\/uploads\/2019\/02\/aa716791-2969-4230-b589-608f11a0212f-760x570.jpg 760w, http:\/\/pc.al.gov.br\/home\/id\/wp-content\/uploads\/2019\/02\/aa716791-2969-4230-b589-608f11a0212f-960x720.jpg 960w, http:\/\/pc.al.gov.br\/home\/id\/wp-content\/uploads\/2019\/02\/aa716791-2969-4230-b589-608f11a0212f-533x400.jpg 533w, http:\/\/pc.al.gov.br\/home\/id\/wp-content\/uploads\/2019\/02\/aa716791-2969-4230-b589-608f11a0212f-585x439.jpg 585w, http:\/\/pc.al.gov.br\/home\/id\/wp-content\/uploads\/2019\/02\/aa716791-2969-4230-b589-608f11a0212f.jpg 1280w\" alt=\"\" width=\"535\" height=\"401\" \/><figcaption class=\"wp-caption-text\">Policiais civis reunidos na sede da Delegacia Regional de Arapiraca antes de iniciar a opera\u00e7\u00e3o.<\/p>\n<p>Assessoria<\/figcaption><\/figure>\n","protected":false},"excerpt":{"rendered":"<p>A opera\u00e7\u00e3o desencadeada pela Pol\u00edcia Civil, nesta quarta-feira (13), no Agreste de Alagoas, por meio da Delegacia<\/p>\n","protected":false},"author":1,"featured_media":6594,"comment_status":"open","ping_status":"open","sticky":false,"template":"","format":"standard","meta":{"footnotes":""},"categories":[60,11],"tags":[],"class_list":["post-6593","post","type-post","status-publish","format-standard","has-post-thumbnail","hentry","category-capa","category-policia"],"_links":{"self":[{"href":"https:\/\/4cantosalagoas.com.br\/portal\/wp-json\/wp\/v2\/posts\/6593","targetHints":{"allow":["GET"]}}],"collection":[{"href":"https:\/\/4cantosalagoas.com.br\/portal\/wp-json\/wp\/v2\/posts"}],"about":[{"href":"https:\/\/4cantosalagoas.com.br\/portal\/wp-json\/wp\/v2\/types\/post"}],"author":[{"embeddable":true,"href":"https:\/\/4cantosalagoas.com.br\/portal\/wp-json\/wp\/v2\/users\/1"}],"replies":[{"embeddable":true,"href":"https:\/\/4cantosalagoas.com.br\/portal\/wp-json\/wp\/v2\/comments?post=6593"}],"version-history":[{"count":1,"href":"https:\/\/4cantosalagoas.com.br\/portal\/wp-json\/wp\/v2\/posts\/6593\/revisions"}],"predecessor-version":[{"id":6595,"href":"https:\/\/4cantosalagoas.com.br\/portal\/wp-json\/wp\/v2\/posts\/6593\/revisions\/6595"}],"wp:featuredmedia":[{"embeddable":true,"href":"https:\/\/4cantosalagoas.com.br\/portal\/wp-json\/wp\/v2\/media\/6594"}],"wp:attachment":[{"href":"https:\/\/4cantosalagoas.com.br\/portal\/wp-json\/wp\/v2\/media?parent=6593"}],"wp:term":[{"taxonomy":"category","embeddable":true,"href":"https:\/\/4cantosalagoas.com.br\/portal\/wp-json\/wp\/v2\/categories?post=6593"},{"taxonomy":"post_tag","embeddable":true,"href":"https:\/\/4cantosalagoas.com.br\/portal\/wp-json\/wp\/v2\/tags?post=6593"}],"curies":[{"name":"wp","href":"https:\/\/api.w.org\/{rel}","templated":true}]}}