{"id":6578,"date":"2019-02-12T07:22:36","date_gmt":"2019-02-12T10:22:36","guid":{"rendered":"http:\/\/4cantosalagoas.com.br\/portal\/?p=6578"},"modified":"2019-02-12T07:22:36","modified_gmt":"2019-02-12T10:22:36","slug":"rua-alcebiades-valente-volta-a-ser-mao-dupla-na-sexta-feira","status":"publish","type":"post","link":"https:\/\/4cantosalagoas.com.br\/portal\/rua-alcebiades-valente-volta-a-ser-mao-dupla-na-sexta-feira\/","title":{"rendered":"Rua Alceb\u00edades Valente volta a ser m\u00e3o dupla na sexta-feira"},"content":{"rendered":"<figure id=\"attachment_6579\" aria-describedby=\"caption-attachment-6579\" style=\"width: 300px\" class=\"wp-caption alignleft\"><img fetchpriority=\"high\" decoding=\"async\" class=\"size-medium wp-image-6579\" src=\"http:\/\/4cantosalagoas.com.br\/portal\/wp-content\/uploads\/2019\/02\/rrua-300x200.jpg\" alt=\"\" width=\"300\" height=\"200\" srcset=\"https:\/\/4cantosalagoas.com.br\/portal\/wp-content\/uploads\/2019\/02\/rrua-300x200.jpg 300w, https:\/\/4cantosalagoas.com.br\/portal\/wp-content\/uploads\/2019\/02\/rrua-768x512.jpg 768w, https:\/\/4cantosalagoas.com.br\/portal\/wp-content\/uploads\/2019\/02\/rrua.jpg 1024w, https:\/\/4cantosalagoas.com.br\/portal\/wp-content\/uploads\/2019\/02\/rrua-375x250.jpg 375w, https:\/\/4cantosalagoas.com.br\/portal\/wp-content\/uploads\/2019\/02\/rrua-465x310.jpg 465w, https:\/\/4cantosalagoas.com.br\/portal\/wp-content\/uploads\/2019\/02\/rrua-695x464.jpg 695w, https:\/\/4cantosalagoas.com.br\/portal\/wp-content\/uploads\/2019\/02\/rrua-272x182.jpg 272w\" sizes=\"(max-width: 300px) 100vw, 300px\" \/><figcaption id=\"caption-attachment-6579\" class=\"wp-caption-text\">Rua Alceb\u00edades Valente voltar\u00e1 a ser m\u00e3o dupla nesta sexta-feira (15). Foto: Pei Fon\/ Secom Macei\u00f3<\/figcaption><\/figure>\n<p>A Superintend\u00eancia Municipal de Transportes e Tr\u00e2nsito (SMTT) informa \u00e0 popula\u00e7\u00e3o que a Rua Alceb\u00edades Valente, no bairro do Farol, voltar\u00e1 a ser m\u00e3o dupla a partir desta sexta-feira (15).<\/p>\n<p>Nessa primeira semana de testes, adapta\u00e7\u00f5es t\u00e9cnicas foram realizadas para viabilizar a execu\u00e7\u00e3o do projeto.\u201cAp\u00f3s analisarmos o resultado dessa fase de adapta\u00e7\u00e3o, chegamos \u00e0 conclus\u00e3o de que a melhor op\u00e7\u00e3o para os condutores e para o tr\u00e2nsito da regi\u00e3o seria desfazer as mudan\u00e7as e tornar a rua m\u00e3o dupla novamente. A SMTT continuar\u00e1 trabalhando em benef\u00edcio da popula\u00e7\u00e3o no intuito de garantir melhores condi\u00e7\u00f5es de trafegabilidade nos corredores de transportes de Macei\u00f3\u201d, destaca o titular da SMTT, Ant\u00f4nio Moura.<\/p>\n<p>Nos pr\u00f3ximos dias, a equipe de Obras Vi\u00e1rias da Superintend\u00eancia far\u00e1 as readequa\u00e7\u00f5es necess\u00e1rias da sinaliza\u00e7\u00e3o na Rua Alceb\u00edades Valente. Esse servi\u00e7o tem como intuito garantir a seguran\u00e7a vi\u00e1ria, melhorar a visibilidade e informar aos motoristas e pedestres que o tr\u00e2nsito na via voltar\u00e1 a ser m\u00e3o dupla outra vez.<\/p>\n<p>Ascom SMTT<\/p>\n","protected":false},"excerpt":{"rendered":"<p>A Superintend\u00eancia Municipal de Transportes e Tr\u00e2nsito (SMTT) informa \u00e0 popula\u00e7\u00e3o que a Rua Alceb\u00edades Valente, no<\/p>\n","protected":false},"author":1,"featured_media":6579,"comment_status":"open","ping_status":"open","sticky":false,"template":"","format":"standard","meta":{"footnotes":""},"categories":[60],"tags":[],"class_list":["post-6578","post","type-post","status-publish","format-standard","has-post-thumbnail","hentry","category-capa"],"_links":{"self":[{"href":"https:\/\/4cantosalagoas.com.br\/portal\/wp-json\/wp\/v2\/posts\/6578","targetHints":{"allow":["GET"]}}],"collection":[{"href":"https:\/\/4cantosalagoas.com.br\/portal\/wp-json\/wp\/v2\/posts"}],"about":[{"href":"https:\/\/4cantosalagoas.com.br\/portal\/wp-json\/wp\/v2\/types\/post"}],"author":[{"embeddable":true,"href":"https:\/\/4cantosalagoas.com.br\/portal\/wp-json\/wp\/v2\/users\/1"}],"replies":[{"embeddable":true,"href":"https:\/\/4cantosalagoas.com.br\/portal\/wp-json\/wp\/v2\/comments?post=6578"}],"version-history":[{"count":1,"href":"https:\/\/4cantosalagoas.com.br\/portal\/wp-json\/wp\/v2\/posts\/6578\/revisions"}],"predecessor-version":[{"id":6580,"href":"https:\/\/4cantosalagoas.com.br\/portal\/wp-json\/wp\/v2\/posts\/6578\/revisions\/6580"}],"wp:featuredmedia":[{"embeddable":true,"href":"https:\/\/4cantosalagoas.com.br\/portal\/wp-json\/wp\/v2\/media\/6579"}],"wp:attachment":[{"href":"https:\/\/4cantosalagoas.com.br\/portal\/wp-json\/wp\/v2\/media?parent=6578"}],"wp:term":[{"taxonomy":"category","embeddable":true,"href":"https:\/\/4cantosalagoas.com.br\/portal\/wp-json\/wp\/v2\/categories?post=6578"},{"taxonomy":"post_tag","embeddable":true,"href":"https:\/\/4cantosalagoas.com.br\/portal\/wp-json\/wp\/v2\/tags?post=6578"}],"curies":[{"name":"wp","href":"https:\/\/api.w.org\/{rel}","templated":true}]}}