{"id":6575,"date":"2019-02-12T07:04:37","date_gmt":"2019-02-12T10:04:37","guid":{"rendered":"http:\/\/4cantosalagoas.com.br\/portal\/?p=6575"},"modified":"2019-02-12T07:04:37","modified_gmt":"2019-02-12T10:04:37","slug":"smtt-modifica-parada-de-onibus-na-avenida-tomas-espindola","status":"publish","type":"post","link":"https:\/\/4cantosalagoas.com.br\/portal\/smtt-modifica-parada-de-onibus-na-avenida-tomas-espindola\/","title":{"rendered":"SMTT modifica parada de \u00f4nibus na Avenida Tom\u00e1s Esp\u00edndola"},"content":{"rendered":"<figure id=\"attachment_6576\" aria-describedby=\"caption-attachment-6576\" style=\"width: 300px\" class=\"wp-caption alignleft\"><img fetchpriority=\"high\" decoding=\"async\" class=\"size-medium wp-image-6576\" src=\"http:\/\/4cantosalagoas.com.br\/portal\/wp-content\/uploads\/2019\/02\/faroslt-300x225.jpeg\" alt=\"\" width=\"300\" height=\"225\" srcset=\"https:\/\/4cantosalagoas.com.br\/portal\/wp-content\/uploads\/2019\/02\/faroslt-300x225.jpeg 300w, https:\/\/4cantosalagoas.com.br\/portal\/wp-content\/uploads\/2019\/02\/faroslt-768x576.jpeg 768w, https:\/\/4cantosalagoas.com.br\/portal\/wp-content\/uploads\/2019\/02\/faroslt-1024x768.jpeg 1024w, https:\/\/4cantosalagoas.com.br\/portal\/wp-content\/uploads\/2019\/02\/faroslt-375x281.jpeg 375w, https:\/\/4cantosalagoas.com.br\/portal\/wp-content\/uploads\/2019\/02\/faroslt-465x349.jpeg 465w, https:\/\/4cantosalagoas.com.br\/portal\/wp-content\/uploads\/2019\/02\/faroslt-667x500.jpeg 667w, https:\/\/4cantosalagoas.com.br\/portal\/wp-content\/uploads\/2019\/02\/faroslt.jpeg 1040w\" sizes=\"(max-width: 300px) 100vw, 300px\" \/><figcaption id=\"caption-attachment-6576\" class=\"wp-caption-text\">SMTT inseriu cones para reordenamento no Farol. Foto: Ascom SMTT<\/figcaption><\/figure>\n<p>Para melhorar as condi\u00e7\u00f5es de trafegabilidade, a Superintend\u00eancia Municipal de Transportes e Tr\u00e2nsito (SMTT) iniciou, nesta segunda-feira (11), o reordenamento do tr\u00e2nsito e dos pontos de parada de \u00f4nibus da Avenida Tom\u00e1s Esp\u00edndola, no bairro Farol. As mudan\u00e7as s\u00e3o em car\u00e1ter experimental.<\/p>\n<p>Nesta etapa de testes, as linhas de \u00f4nibus que v\u00eam do Centro devem realizar o embarque e o desembarque de passageiros somente a partir do abrigo de \u00f4nibus de m\u00e9dio porte, localizado nas proximidades do Supermercado Unicompra, na Avenida Tom\u00e1s Esp\u00edndola.<\/p>\n<p>J\u00e1 o embarque e o desembarque na parada de \u00f4nibus nas proximidades do posto BR, localizado na Avenida Tom\u00e1s Esp\u00edndola, continuar\u00e1 sendo permitido apenas para os coletivos que v\u00eam da Ladeira Geraldo Melo.<\/p>\n<p>\u201cCom esta medida, pretendemos reduzir o congestionamento na Avenida Tom\u00e1s Esp\u00edndola e diminuir o tempo de espera dos usu\u00e1rios de \u00f4nibus da regi\u00e3o\u201d, explica o coordenador do Sistema Integrado de Mobilidade de Macei\u00f3 (SIMM), S\u00edlvio Sarmento.<\/p>\n<p><strong>Reordenamento do tr\u00e2nsito<\/strong><\/p>\n<p>Com o objetivo de reduzir o intenso fluxo de ve\u00edculos na Avenida Tom\u00e1s Esp\u00edndola, a SMTT inseriu cones de conten\u00e7\u00e3o para o reordenamento do tr\u00e1fego na regi\u00e3o.<\/p>\n<p>Agora, os motoristas que chegam pela Avenida Dom Ant\u00f4nio Brand\u00e3o e Ladeira Geraldo Melo n\u00e3o poder\u00e3o mais cruzar \u00e0 esquerda da Avenida Tom\u00e1s Esp\u00edndola. Os condutores que quiserem acessar a rua localizada ao lado a Caixa Econ\u00f4mica devem retornar na Pra\u00e7a do Centen\u00e1rio, no Farol.<\/p>\n<p>Agentes da SMTT est\u00e3o no local para orientar os condutores.<\/p>\n<p>Ascom SMTT<\/p>\n","protected":false},"excerpt":{"rendered":"<p>Para melhorar as condi\u00e7\u00f5es de trafegabilidade, a Superintend\u00eancia Municipal de Transportes e Tr\u00e2nsito (SMTT) iniciou, nesta segunda-feira<\/p>\n","protected":false},"author":1,"featured_media":6576,"comment_status":"open","ping_status":"open","sticky":false,"template":"","format":"standard","meta":{"footnotes":""},"categories":[60],"tags":[],"class_list":["post-6575","post","type-post","status-publish","format-standard","has-post-thumbnail","hentry","category-capa"],"_links":{"self":[{"href":"https:\/\/4cantosalagoas.com.br\/portal\/wp-json\/wp\/v2\/posts\/6575","targetHints":{"allow":["GET"]}}],"collection":[{"href":"https:\/\/4cantosalagoas.com.br\/portal\/wp-json\/wp\/v2\/posts"}],"about":[{"href":"https:\/\/4cantosalagoas.com.br\/portal\/wp-json\/wp\/v2\/types\/post"}],"author":[{"embeddable":true,"href":"https:\/\/4cantosalagoas.com.br\/portal\/wp-json\/wp\/v2\/users\/1"}],"replies":[{"embeddable":true,"href":"https:\/\/4cantosalagoas.com.br\/portal\/wp-json\/wp\/v2\/comments?post=6575"}],"version-history":[{"count":1,"href":"https:\/\/4cantosalagoas.com.br\/portal\/wp-json\/wp\/v2\/posts\/6575\/revisions"}],"predecessor-version":[{"id":6577,"href":"https:\/\/4cantosalagoas.com.br\/portal\/wp-json\/wp\/v2\/posts\/6575\/revisions\/6577"}],"wp:featuredmedia":[{"embeddable":true,"href":"https:\/\/4cantosalagoas.com.br\/portal\/wp-json\/wp\/v2\/media\/6576"}],"wp:attachment":[{"href":"https:\/\/4cantosalagoas.com.br\/portal\/wp-json\/wp\/v2\/media?parent=6575"}],"wp:term":[{"taxonomy":"category","embeddable":true,"href":"https:\/\/4cantosalagoas.com.br\/portal\/wp-json\/wp\/v2\/categories?post=6575"},{"taxonomy":"post_tag","embeddable":true,"href":"https:\/\/4cantosalagoas.com.br\/portal\/wp-json\/wp\/v2\/tags?post=6575"}],"curies":[{"name":"wp","href":"https:\/\/api.w.org\/{rel}","templated":true}]}}