{"id":6527,"date":"2019-02-08T06:28:07","date_gmt":"2019-02-08T09:28:07","guid":{"rendered":"http:\/\/4cantosalagoas.com.br\/portal\/?p=6527"},"modified":"2019-02-08T06:28:07","modified_gmt":"2019-02-08T09:28:07","slug":"linha-de-onibus-do-joao-sampaio-tera-itinerario-suspenso","status":"publish","type":"post","link":"https:\/\/4cantosalagoas.com.br\/portal\/linha-de-onibus-do-joao-sampaio-tera-itinerario-suspenso\/","title":{"rendered":"Linha de \u00f4nibus do Jo\u00e3o Sampaio ter\u00e1 itiner\u00e1rio suspenso"},"content":{"rendered":"<figure id=\"attachment_6528\" aria-describedby=\"caption-attachment-6528\" style=\"width: 300px\" class=\"wp-caption alignleft\"><img fetchpriority=\"high\" decoding=\"async\" class=\"size-medium wp-image-6528\" src=\"http:\/\/4cantosalagoas.com.br\/portal\/wp-content\/uploads\/2019\/02\/bbui-300x169.jpg\" alt=\"\" width=\"300\" height=\"169\" srcset=\"https:\/\/4cantosalagoas.com.br\/portal\/wp-content\/uploads\/2019\/02\/bbui-300x169.jpg 300w, https:\/\/4cantosalagoas.com.br\/portal\/wp-content\/uploads\/2019\/02\/bbui-768x433.jpg 768w, https:\/\/4cantosalagoas.com.br\/portal\/wp-content\/uploads\/2019\/02\/bbui.jpg 1024w, https:\/\/4cantosalagoas.com.br\/portal\/wp-content\/uploads\/2019\/02\/bbui-375x211.jpg 375w, https:\/\/4cantosalagoas.com.br\/portal\/wp-content\/uploads\/2019\/02\/bbui-465x262.jpg 465w, https:\/\/4cantosalagoas.com.br\/portal\/wp-content\/uploads\/2019\/02\/bbui-695x392.jpg 695w\" sizes=\"(max-width: 300px) 100vw, 300px\" \/><figcaption id=\"caption-attachment-6528\" class=\"wp-caption-text\">Linha 2017 deixa de funcionar a partir desta segunda-feira (11).<\/figcaption><\/figure>\n<p>A Superintend\u00eancia Municipal de Transportes e Tr\u00e2nsito (SMTT) informa \u00e0 popula\u00e7\u00e3o que, a partir desta segunda-feira (11), a linha 2017 \u2013 Terminal Jo\u00e3o Sampaio\/Terminal Salvador Lyra (Via Aldebaran) ter\u00e1 o seu itiner\u00e1rio suspenso.<\/p>\n<p>Informativos sobre a mudan\u00e7a j\u00e1 foram disponibilizados nos terminais e nos \u00f4nibus alertando os passageiros sobre a suspens\u00e3o dessa linha.<\/p>\n<p>Durante o per\u00edodo de 90 dias, a linha passou por uma fase de testes onde foi avaliada a necessidade de implanta\u00e7\u00e3o do novo percurso. Ap\u00f3s o prazo, foi constatado que n\u00e3o existe demanda suficiente de passageiros para que a sua efetiva\u00e7\u00e3o fosse realizada.<\/p>\n<p>A equipe de Mobilidade da Superintend\u00eancia realizar\u00e1 novos estudos para avaliar a possibilidade de implanta\u00e7\u00e3o de novas alternativas que atendam aos moradores do Conjunto Jo\u00e3o Sampaio.<\/p>\n<p>Ascom SMTT<\/p>\n","protected":false},"excerpt":{"rendered":"<p>A Superintend\u00eancia Municipal de Transportes e Tr\u00e2nsito (SMTT) informa \u00e0 popula\u00e7\u00e3o que, a partir desta segunda-feira (11),<\/p>\n","protected":false},"author":1,"featured_media":6528,"comment_status":"open","ping_status":"open","sticky":false,"template":"","format":"standard","meta":{"footnotes":""},"categories":[60],"tags":[],"class_list":["post-6527","post","type-post","status-publish","format-standard","has-post-thumbnail","hentry","category-capa"],"_links":{"self":[{"href":"https:\/\/4cantosalagoas.com.br\/portal\/wp-json\/wp\/v2\/posts\/6527","targetHints":{"allow":["GET"]}}],"collection":[{"href":"https:\/\/4cantosalagoas.com.br\/portal\/wp-json\/wp\/v2\/posts"}],"about":[{"href":"https:\/\/4cantosalagoas.com.br\/portal\/wp-json\/wp\/v2\/types\/post"}],"author":[{"embeddable":true,"href":"https:\/\/4cantosalagoas.com.br\/portal\/wp-json\/wp\/v2\/users\/1"}],"replies":[{"embeddable":true,"href":"https:\/\/4cantosalagoas.com.br\/portal\/wp-json\/wp\/v2\/comments?post=6527"}],"version-history":[{"count":1,"href":"https:\/\/4cantosalagoas.com.br\/portal\/wp-json\/wp\/v2\/posts\/6527\/revisions"}],"predecessor-version":[{"id":6529,"href":"https:\/\/4cantosalagoas.com.br\/portal\/wp-json\/wp\/v2\/posts\/6527\/revisions\/6529"}],"wp:featuredmedia":[{"embeddable":true,"href":"https:\/\/4cantosalagoas.com.br\/portal\/wp-json\/wp\/v2\/media\/6528"}],"wp:attachment":[{"href":"https:\/\/4cantosalagoas.com.br\/portal\/wp-json\/wp\/v2\/media?parent=6527"}],"wp:term":[{"taxonomy":"category","embeddable":true,"href":"https:\/\/4cantosalagoas.com.br\/portal\/wp-json\/wp\/v2\/categories?post=6527"},{"taxonomy":"post_tag","embeddable":true,"href":"https:\/\/4cantosalagoas.com.br\/portal\/wp-json\/wp\/v2\/tags?post=6527"}],"curies":[{"name":"wp","href":"https:\/\/api.w.org\/{rel}","templated":true}]}}